{"id":28070,"date":"2026-02-10T14:13:00","date_gmt":"2026-02-10T13:13:00","guid":{"rendered":"https:\/\/christusnews.de\/site\/filmvorfuehrung-die-kinder-aus-korntal\/"},"modified":"2026-02-11T22:17:25","modified_gmt":"2026-02-11T21:17:25","slug":"filmvorfuehrung-die-kinder-aus-korntal","status":"publish","type":"post","link":"https:\/\/christusnews.de\/site\/filmvorfuehrung-die-kinder-aus-korntal\/","title":{"rendered":"Filmvorf\u00fchrung: \u201eDie Kinder aus Korntal\u201c"},"content":{"rendered":"<h3>Filmvorf\u00fchrung mit anschlie\u00dfendem Gespr\u00e4ch mit Film-Initiator Detlev Zander<\/h3>\n<p>Die Fachstelle Sexualisierte Gewalt der Ev.-Luth. Kirche in Oldenburg l\u00e4dt im Rahmen der Pr\u00e4ventionsarbeit gemeinsam mit dem cine K und dem Kinderschutzbund Oldenburg zu einer Filmvorf\u00fchrung des Films &#8220;Die Kinder aus Korntal&#8221; ein.&nbsp;<\/p>\n<p>Noch sind einige Restkarten erh\u00e4ltlich f\u00fcr die Filmvorf\u00fchrung am Mittwoch, 25. Februar, von 16 Uhr bis 19 Uhr im cine K in Oldenburg (Bahnhofstra\u00dfe 11). Die Veranstaltung richtet sich an alle Interessierten.&nbsp;<\/p>\n<p><strong>Die Online-Ticketbestellung ist m\u00f6glich unter: <\/strong><a href=\"https:\/\/www.kirche-oldenburg.de\/service\/termin\/termindetails\/kino-die-kinder-aus-korntal-mit-detlev-zander\" target=\"_blank\"><strong>https:\/\/www.kirche-oldenburg.de\/service\/termin\/termindetails\/kino-die-kinder-aus-korntal-mit-detlev-zander<\/strong><\/a><strong> &nbsp;<\/strong><br \/>Im Ticket enthalten ist ein Freigetr\u00e4nk.<\/p>\n<p>Im Anschluss an den Film, gibt es im Foyer die M\u00f6glichkeit mit einander ins Gespr\u00e4ch zu kommen. Neben dem Initiator des Films, Detlev Zander, stehen als Gespr\u00e4chspartner*innen Berater*innen der Fachstelle sowie vom Kinderschutzbund zur Verf\u00fcgung.<\/p>\n<p><strong>Ein paar kurze Infos zum Film: &#8220;Die Kinder aus Korntal&#8221;:<\/strong><br \/><i>Korntal, eine beschauliche Kleinstadt in Baden-W\u00fcrttemberg, wird zum Schauplatz einer der gr\u00f6\u00dften Missbrauchsskandale der Evangelischen Kirche in Deutschland. Ab den 1950er Jahren wurden in den dortigen Heimen der pietistischen Br\u00fcdergemeinde Hunderte Kinder missbraucht, sie mussten Zwangsarbeit, k\u00f6rperliche Z\u00fcchtigung und sexualisierte Gewalt \u00fcber sich ergehen lassen. 2013 wird der Skandal \u00f6ffentlich. Bis heute haben mehr als 150 ehemalige Heimkinder ihr Schweigen gebrochen, mehr als 80 T\u00e4ter:innen konnten ermittelt werden. Die 9.000-Seelen-Gemeinde reagiert zun\u00e4chst mit Zweifel und Ablehnung auf die Vorw\u00fcrfe: Viele k\u00f6nnen oder wollen sich so etwas in ihrem christlichen Korntal nicht vorstellen. Doch der Druck auf die Br\u00fcdergemeinde, die bis heute die Kinderheime leitet, w\u00e4chst. Ein Aufarbeitungsprozess wird eingeleitet, aber Vorgehensweise und Entsch\u00e4digungssummen sind umstritten. Viele Betroffene bezeichnen den Aufarbeitungsprozess als Missbrauch nach dem Missbrauch. Sie k\u00e4mpfen weiter um Geh\u00f6r, Anerkennung, Respekt und W\u00fcrde.<\/i><\/p>\n<p><i>Julia Charakter gibt in \u201eDie Kinder aus Korntal\u201c sechs Betroffenen Raum, ihre Geschichten zu erz\u00e4hlen und zu sagen, was der Aufkl\u00e4rungsbericht ihrer Meinung nach verschweigt. \u201eDem Film gelingt es, durch eine pr\u00e4zise Recherche der Filmemacherin und die ersch\u00fctternden Aussagen der Protagonist:innen, das komplexe Bild eines systemischen, nicht enden wollenden Missbrauchs nachzuzeichnen\u201c, hei\u00dft es in der Jury-Begr\u00fcndung des DEFA-F\u00f6rderpreises, mit dem der Film beim DOK Leipzig ausgezeichnet wurde. Das Schweigen in Korntal mag gebrochen sein, das Thema bleibt aber weiter hochaktuell.<\/i><br \/><i>(von kinderauskorntal.de)<\/i><\/p>\n<p>Kirche-Oldenburg<br \/>\n<a href=\"https:\/\/www.kirche-oldenburg.de\/aktuelles\/detail\/filmvorfuehrung-die-kinder-aus-korntal\" target=\"_blank\">Filmvorf\u00fchrung: \u201eDie Kinder aus Korntal\u201c<\/a><\/p>\n","protected":false},"excerpt":{"rendered":"<p>Filmvorf\u00fchrung mit anschlie\u00dfendem Gespr\u00e4ch mit Film-Initiator Detlev Zander Die Fachstelle Sexualisierte Gewalt der Ev.-Luth. Kirche in Oldenburg l\u00e4dt im Rahmen der Pr\u00e4ventionsarbeit gemeinsam mit dem cine K und dem Kinderschutzbund Oldenburg zu einer Filmvorf\u00fchrung des Films &#8220;Die Kinder aus Korntal&#8221; ein.&nbsp; Noch sind einige Restkarten erh\u00e4ltlich f\u00fcr die Filmvorf\u00fchrung am Mittwoch, 25. Februar, von 16 Uhr bis 19 Uhr im cine K in Oldenburg (Bahnhofstra\u00dfe 11). Die Veranstaltung richtet sich an alle Interessierten.&nbsp; Die Online-Ticketbestellung ist m\u00f6glich unter: https:\/\/www.kirche-oldenburg.de\/service\/termin\/termindetails\/kino-die-kinder-aus-korntal-mit-detlev-zander &nbsp;Im Ticket enthalten ist ein Freigetr\u00e4nk. Im Anschluss an den Film, gibt es im Foyer die M\u00f6glichkeit mit einander ins Gespr\u00e4ch&#8230;<\/p>\n","protected":false},"author":7,"featured_media":0,"comment_status":"false","ping_status":"open","sticky":false,"template":"","format":"standard","meta":{"footnotes":""},"categories":[43],"tags":[44],"class_list":["post-28070","post","type-post","status-publish","format-standard","hentry","category-kirche-oldenburg","tag-kirche-oldenburg"],"_links":{"self":[{"href":"https:\/\/christusnews.de\/site\/wp-json\/wp\/v2\/posts\/28070","targetHints":{"allow":["GET"]}}],"collection":[{"href":"https:\/\/christusnews.de\/site\/wp-json\/wp\/v2\/posts"}],"about":[{"href":"https:\/\/christusnews.de\/site\/wp-json\/wp\/v2\/types\/post"}],"author":[{"embeddable":true,"href":"https:\/\/christusnews.de\/site\/wp-json\/wp\/v2\/users\/7"}],"replies":[{"embeddable":true,"href":"https:\/\/christusnews.de\/site\/wp-json\/wp\/v2\/comments?post=28070"}],"version-history":[{"count":1,"href":"https:\/\/christusnews.de\/site\/wp-json\/wp\/v2\/posts\/28070\/revisions"}],"predecessor-version":[{"id":28071,"href":"https:\/\/christusnews.de\/site\/wp-json\/wp\/v2\/posts\/28070\/revisions\/28071"}],"wp:attachment":[{"href":"https:\/\/christusnews.de\/site\/wp-json\/wp\/v2\/media?parent=28070"}],"wp:term":[{"taxonomy":"category","embeddable":true,"href":"https:\/\/christusnews.de\/site\/wp-json\/wp\/v2\/categories?post=28070"},{"taxonomy":"post_tag","embeddable":true,"href":"https:\/\/christusnews.de\/site\/wp-json\/wp\/v2\/tags?post=28070"}],"curies":[{"name":"wp","href":"https:\/\/api.w.org\/{rel}","templated":true}]}}