{"id":28078,"date":"2026-02-12T10:59:00","date_gmt":"2026-02-12T09:59:00","guid":{"rendered":"https:\/\/christusnews.de\/site\/einfuehrung-von-pfarrer-stefan-gruenefeld-und-pfarrer-dirk-von-jutrczenka\/"},"modified":"2026-02-13T22:17:22","modified_gmt":"2026-02-13T21:17:22","slug":"einfuehrung-von-pfarrer-stefan-gruenefeld-und-pfarrer-dirk-von-jutrczenka","status":"publish","type":"post","link":"https:\/\/christusnews.de\/site\/einfuehrung-von-pfarrer-stefan-gruenefeld-und-pfarrer-dirk-von-jutrczenka\/","title":{"rendered":"Einf\u00fchrung von Pfarrer Stefan Gr\u00fcnefeld und Pfarrer Dirk von Jutrczenka"},"content":{"rendered":"<h3>Pfarrer Stefan Gr\u00fcnefeld als Pers\u00f6nlicher Referent des Bischofs und Pfarrer Dirk von Jutrczenka auf Pfarrstelle f\u00fcr \u00d6kumene, Ethik und Weltanschauung eingef\u00fchrt<\/h3>\n<p>In einem Gottesdienst in der Kapelle des Oberkirchenrates in Oldenburg wurden am Donnerstag, 12. Februar, Pfarrer Stefan Gr\u00fcnefeld als Pers\u00f6nlicher Referent des Bischofs und Pfarrer Dirk von Jutrczenka in die Pfarrstelle f\u00fcr \u00d6kumene, Ethik und Weltanschauung eingef\u00fchrt.<\/p>\n<p>Seit Dezember 2025 ist Pfarrer Stefan Gr\u00fcnefeld Pers\u00f6nlicher Referent von Bischof Thomas Adomeit und in diesem Amt Nachfolger von Pfarrerin Sabine Spieker-Lauh\u00f6fer, die im November letzten Jahres in den Ruhestand verabschiedet worden ist.<\/p>\n<p>Pfarrer Dirk von Jutrczenka hat seit Anfang des Jahres die Pfarrstelle f\u00fcr \u00d6kumene, Ethik und Weltanschauung der oldenburgischen Kirche inne. Die Pfarrstelle ist dem B\u00fcro von Bischof Thomas Adomeit zugeordnet. Dirk von Jutrczenka ist Nachfolger von Pfarrer Olaf Grobleben, der seit April 2024 im Ruhestand ist.<\/p>\n<p><strong>\u00dcbersetzer und Br\u00fcckenbauer<\/strong><br \/>Pfarrer Stefan Gr\u00fcnefeld habe einen \u201ewachen Blick f\u00fcr die Wirklichkeit, f\u00fcr das, was Menschen wirklich besch\u00e4ftigt \u2013 gerade dann, wenn das Leben schwer ist. Notfallseelsorge, Begleitung, pr\u00e4sent sein, ohne sich aufzudr\u00e4ngen\u201c. Er wolle Ver\u00e4nderungen nicht nur \u201eaushalten\u201c, sondern gestalten, so Adomeit. Gr\u00fcnefeld habe einen inneren Kompass, der sage: \u201eReden und Handeln sollen zusammenpassen.\u201c<\/p>\n<p>Pfarrer Dirk von Jutrczenka habe in seiner Biografie immer wieder eine klare Haltung in unruhigen Zeiten gezeigt: \u201eKirche soll erkennbar bleiben, profiliert \u2013 und zugleich dialogf\u00e4hig; sie soll f\u00fcr Menschenw\u00fcrde und Gerechtigkeit eintreten, f\u00fcr Frieden und \u00f6kologische Verantwortung \u2013 und sich Rassismus, Antisemitismus und Rechtsextremismus entgegenstellen\u201c, so Adomeit.<\/p>\n<p>Beide verbindet laut Adomeit, dass sie \u00dcbersetzer und Br\u00fcckenbauer sind. Stefan Gr\u00fcnefeld: \u201enah an den Alltagsthemen, zugewandt, verbindend \u2013 und mit einem wachen Blick f\u00fcr das, was glaubw\u00fcrdig ist.\u201c Dirk von Jutrczenka: \u201eweit im Horizont, diskursf\u00e4hig, \u00f6kumenisch und gesellschaftlich vernetzt \u2013 und mit dem Mut, Kirche in die Debatte zu stellen, ohne den Ton des Evangeliums zu verlieren.\u201c<\/p>\n<p><strong>Pfarrer Stefan Gr\u00fcnefeld <\/strong>(57) ist am Steinhuder Meer aufgewachsen und hat eine Ausbildung zum Fernmeldehandwerker absolviert. Nach dem Abitur in Minden\/Westf. hat Gr\u00fcnefeld Evangelische Theologie in Marburg\/Lahn (1991 bis 2000) studiert. Auf ein Vikariat in Bielefeld Gadderbaum (2001 bis 2003) folgte ein Sondervikariat Notfallseelsorge in Bochum. Das Zweite Theologische Examen hat er im Februar 2003 abgelegt. Von 2003 bis 2022 war Gr\u00fcnefeld Pfarrer in der Kirchengemeinde Pakens-Hooksiel und der Kirchengemeinde St. Joost-W\u00fcppels und von Januar 2023 bis November 2025 in der Kirchengemeinde Wangerland. Seit Anfang Dezember 2025 ist er Referent von Bischof Thomas Adomeit. Gr\u00fcnefeld hat zwei erwachsene Kinder.<\/p>\n<p><strong>Pfarrer Dirk von Jutrczenka <\/strong>(61) ist in Hannover aufgewachsen und hat nach dem Abitur Evangelische Theologie und zus\u00e4tzlich Sozialwissenschaften\/P\u00e4dagogik (Magisterpr\u00fcfung) in G\u00f6ttingen und Birmingham (GB) studiert. Nach dem Vikariat in der Kirchengemeinde Heiligenrode war er ab 1994 Pfarrer in der Kirchengemeinde Seckenhausen (Landeskirche Hannovers) und ab 2008 in der St. Remberti Gemeinde Bremen (Bremische Ev. Kirche). Von 2019 bis 2025 war er Leiter des forum Kirche, des Hauses kirchlicher Dienste der Bremischen Evangelischen Kirche, sowie Leiter der dortigen Fachstelle Religionsp\u00e4dagogik und Medien. Pfarrer Dirk von Jutrczenka ist verheiratet und hat zwei erwachsene S\u00f6hne.<\/p>\n<p>&nbsp;<\/p>\n<p>Kirche-Oldenburg<br \/>\n<a href=\"https:\/\/www.kirche-oldenburg.de\/aktuelles\/detail\/einfuehrung-von-pfarrer-stefan-gruenefeld-und-pfarrer-dirk-von-jutrczenka\" target=\"_blank\">Einf\u00fchrung von Pfarrer Stefan Gr\u00fcnefeld und Pfarrer Dirk von Jutrczenka<\/a><\/p>\n","protected":false},"excerpt":{"rendered":"<p>Pfarrer Stefan Gr\u00fcnefeld als Pers\u00f6nlicher Referent des Bischofs und Pfarrer Dirk von Jutrczenka auf Pfarrstelle f\u00fcr \u00d6kumene, Ethik und Weltanschauung eingef\u00fchrt In einem Gottesdienst in der Kapelle des Oberkirchenrates in Oldenburg wurden am Donnerstag, 12. Februar, Pfarrer Stefan Gr\u00fcnefeld als Pers\u00f6nlicher Referent des Bischofs und Pfarrer Dirk von Jutrczenka in die Pfarrstelle f\u00fcr \u00d6kumene, Ethik und Weltanschauung eingef\u00fchrt. Seit Dezember 2025 ist Pfarrer Stefan Gr\u00fcnefeld Pers\u00f6nlicher Referent von Bischof Thomas Adomeit und in diesem Amt Nachfolger von Pfarrerin Sabine Spieker-Lauh\u00f6fer, die im November letzten Jahres in den Ruhestand verabschiedet worden ist. Pfarrer Dirk von Jutrczenka hat seit Anfang des Jahres&#8230;<\/p>\n","protected":false},"author":7,"featured_media":0,"comment_status":"false","ping_status":"open","sticky":false,"template":"","format":"standard","meta":{"footnotes":""},"categories":[43],"tags":[44],"class_list":["post-28078","post","type-post","status-publish","format-standard","hentry","category-kirche-oldenburg","tag-kirche-oldenburg"],"_links":{"self":[{"href":"https:\/\/christusnews.de\/site\/wp-json\/wp\/v2\/posts\/28078","targetHints":{"allow":["GET"]}}],"collection":[{"href":"https:\/\/christusnews.de\/site\/wp-json\/wp\/v2\/posts"}],"about":[{"href":"https:\/\/christusnews.de\/site\/wp-json\/wp\/v2\/types\/post"}],"author":[{"embeddable":true,"href":"https:\/\/christusnews.de\/site\/wp-json\/wp\/v2\/users\/7"}],"replies":[{"embeddable":true,"href":"https:\/\/christusnews.de\/site\/wp-json\/wp\/v2\/comments?post=28078"}],"version-history":[{"count":1,"href":"https:\/\/christusnews.de\/site\/wp-json\/wp\/v2\/posts\/28078\/revisions"}],"predecessor-version":[{"id":28079,"href":"https:\/\/christusnews.de\/site\/wp-json\/wp\/v2\/posts\/28078\/revisions\/28079"}],"wp:attachment":[{"href":"https:\/\/christusnews.de\/site\/wp-json\/wp\/v2\/media?parent=28078"}],"wp:term":[{"taxonomy":"category","embeddable":true,"href":"https:\/\/christusnews.de\/site\/wp-json\/wp\/v2\/categories?post=28078"},{"taxonomy":"post_tag","embeddable":true,"href":"https:\/\/christusnews.de\/site\/wp-json\/wp\/v2\/tags?post=28078"}],"curies":[{"name":"wp","href":"https:\/\/api.w.org\/{rel}","templated":true}]}}