{"id":2823,"date":"2015-08-09T10:33:00","date_gmt":"2015-08-09T08:33:00","guid":{"rendered":"http:\/\/christusnews.de\/site\/fluechtlingsamt-fordert-til-schweiger-zur-zusammenarbeit-auf\/"},"modified":"2015-08-09T10:33:00","modified_gmt":"2015-08-09T08:33:00","slug":"fluechtlingsamt-fordert-til-schweiger-zur-zusammenarbeit-auf","status":"publish","type":"post","link":"https:\/\/christusnews.de\/site\/fluechtlingsamt-fordert-til-schweiger-zur-zusammenarbeit-auf\/","title":{"rendered":"Fl\u00fcchtlingsamt fordert Til Schweiger zur Zusammenarbeit auf"},"content":{"rendered":"<p>Osterode\/Berlin (epd). Das Bundesamt f\u00fcr Migration und Fl\u00fcchtlinge appelliert an den Schauspieler Til Schweiger, f\u00fcr sein geplantes Fl\u00fcchtlingsheim in Osterode mit den Beh\u00f6rden zusammenzuarbeiten. Ganz ohne Verwaltung gehe es nicht, sagte der Pr\u00e4sident des Bundesamtes, Manfred Schmidt, der \u00abWelt\u00bb vom Samstag.<\/p>\n<p>Auf dem Gel\u00e4nde m\u00fcsse zum Beispiel Platz f\u00fcr eine Dienststelle des Bundesamtes sein, erl\u00e4uterte Schmidt. Auch m\u00fcssten B\u00fcros f\u00fcr die Wohlfahrtsverb\u00e4nde oder die R\u00fcckkehrberatung vorhanden sein. \u00abEine Unterkunft hinsetzen und dann l\u00e4uft es &#8211; ganz so einfach ist es dann doch nicht\u00bb, erkl\u00e4rte der Beh\u00f6rdenchef.<\/p>\n<p>Schweiger hat es nach Ansicht Schmidts allerdings \u00abbei ein paar Dingen\u00bb wesentlich leichter als die \u00f6ffentliche Verwaltung. Schweiger m\u00fcsse bei der Suche nach einem Betreiber zum Beispiel keine europaweite Ausschreibung starten. \u00abEin Privatmann wie Schweiger kann insgesamt wesentlich flexibler agieren. Verwaltungen sind an die strikten Vergabestrukturen gebunden.\u00bb<\/p>\n<p>Kritisch \u00e4u\u00dferte sich Schmidt \u00fcber Schweigers Ank\u00fcndigung, dass das Heim eine \u00abVorzeige\u00bb-Unterkunft sein werde: \u00abWenn jemand behauptet, dass er es besser kann, ist die erste Reaktion einer Verwaltung immer zun\u00e4chst zur\u00fcckhaltend. Schlie\u00dflich leisten wir bereits viel und wissen, welche T\u00fccken es gibt.\u00bb<br \/>\nSource: Kirche-Oldenburg<\/p>\n","protected":false},"excerpt":{"rendered":"<p>Osterode\/Berlin (epd). Das Bundesamt f\u00fcr Migration und Fl\u00fcchtlinge appelliert an den Schauspieler Til Schweiger, f\u00fcr sein geplantes Fl\u00fcchtlingsheim in Osterode mit den Beh\u00f6rden zusammenzuarbeiten. Ganz ohne Verwaltung gehe es nicht, sagte der Pr\u00e4sident des Bundesamtes, Manfred Schmidt, der \u00abWelt\u00bb vom Samstag. Auf dem Gel\u00e4nde m\u00fcsse zum Beispiel Platz f\u00fcr eine Dienststelle des Bundesamtes sein, erl\u00e4uterte Schmidt. Auch m\u00fcssten B\u00fcros f\u00fcr die Wohlfahrtsverb\u00e4nde oder die R\u00fcckkehrberatung vorhanden sein. \u00abEine Unterkunft hinsetzen und dann l\u00e4uft es &#8211; ganz so einfach ist es dann doch nicht\u00bb, erkl\u00e4rte der Beh\u00f6rdenchef. Schweiger hat es nach Ansicht Schmidts allerdings \u00abbei ein paar Dingen\u00bb wesentlich leichter als&#8230;<\/p>\n","protected":false},"author":7,"featured_media":0,"comment_status":"false","ping_status":"open","sticky":false,"template":"","format":"standard","meta":{"footnotes":""},"categories":[43],"tags":[44],"class_list":["post-2823","post","type-post","status-publish","format-standard","hentry","category-kirche-oldenburg","tag-kirche-oldenburg"],"_links":{"self":[{"href":"https:\/\/christusnews.de\/site\/wp-json\/wp\/v2\/posts\/2823","targetHints":{"allow":["GET"]}}],"collection":[{"href":"https:\/\/christusnews.de\/site\/wp-json\/wp\/v2\/posts"}],"about":[{"href":"https:\/\/christusnews.de\/site\/wp-json\/wp\/v2\/types\/post"}],"author":[{"embeddable":true,"href":"https:\/\/christusnews.de\/site\/wp-json\/wp\/v2\/users\/7"}],"replies":[{"embeddable":true,"href":"https:\/\/christusnews.de\/site\/wp-json\/wp\/v2\/comments?post=2823"}],"version-history":[{"count":0,"href":"https:\/\/christusnews.de\/site\/wp-json\/wp\/v2\/posts\/2823\/revisions"}],"wp:attachment":[{"href":"https:\/\/christusnews.de\/site\/wp-json\/wp\/v2\/media?parent=2823"}],"wp:term":[{"taxonomy":"category","embeddable":true,"href":"https:\/\/christusnews.de\/site\/wp-json\/wp\/v2\/categories?post=2823"},{"taxonomy":"post_tag","embeddable":true,"href":"https:\/\/christusnews.de\/site\/wp-json\/wp\/v2\/tags?post=2823"}],"curies":[{"name":"wp","href":"https:\/\/api.w.org\/{rel}","templated":true}]}}