{"id":2971,"date":"2015-09-23T13:44:00","date_gmt":"2015-09-23T11:44:00","guid":{"rendered":"http:\/\/christusnews.de\/site\/bischof-janssen-im-videoblog-zu-erntedank\/"},"modified":"2015-09-23T13:44:00","modified_gmt":"2015-09-23T11:44:00","slug":"bischof-janssen-im-videoblog-zu-erntedank","status":"publish","type":"post","link":"https:\/\/christusnews.de\/site\/bischof-janssen-im-videoblog-zu-erntedank\/","title":{"rendered":"Bischof Janssen im Videoblog zu Erntedank"},"content":{"rendered":"<p>Buntes Obst und frisches Gem\u00fcse auf dem Altar. Erntekr\u00e4nze auf der Kanzel. In vielen Stadt- und Landgemeinden r\u00fcckt Erntedank in eine allzu romantische Richtung: \u201eEs driftet dahin ab, nur noch Dekoration zu sein\u201c, erl\u00e4utert Bischof Jan Janssen aus Oldenburg in seinem neuen Videoblog f\u00fcr die EVANGELISCHE KIRCHE IM NDR. Das Video ist ab sofort online auf: www.ndr.de\/kirche.<\/p>\n<p>Man m\u00fcsse auch die sehen, die ihre Arbeitskraft daf\u00fcr einsetzen, dass wir satt werden, so der Bischof: \u201eDie vielen Menschen in der Landwirtschaft. Sie stellen sich dem Wechsel von Wetter und Natur. Sie scheuen weder Dreck noch den Duft. Sie sorgen sich um Nachhaltigkeit.\u201c Bischof Janssen findet: \u201eDas verdient unsere Anerkennung.\u201c<\/p>\n<p>Denn diese Menschen machen die Erfahrung, \u201edass wir unser Leben nicht selbst in der Hand haben\u201c, f\u00fchrt der Bischof weiter aus. \u201eGerade sie wissen etwas &#8230; das uns im Alltag der Stadt und in der digitalen Welt aus dem Blick ger\u00e4t: die Sch\u00f6pfung selbst ist ein Geschenk Gottes.\u201c In seinem Videoblog erinnert Bischof Jan Janssen daran, warum Christen am ersten Sonntag im Oktober Erntedank feiern. \u201eWir danken Gott f\u00fcr die Vielfalt und Reichhaltigkeit seiner Sch\u00f6pfung\u201c &#8211; mit Gottesdiensten, Dankesliedern und sch\u00f6nen Festen.<\/p>\n<p>Im Wechsel mit dem hannoverschen Landesbischof Ralf Meister, dem Landesbischof der Nordkirche, Gerhard Ulrich, dem Oldenburger Bischof Jan Janssen, Landesbischof Christoph Meyns aus Braunschweig, Bischof Gothart Magaard aus Schleswig und der Hamburger Bisch\u00f6fin Kirsten Fehrs produziert die EVANGELISCHE KIRCHE IM NDR das Videoformat mit dem Titel \u201eAnsichtssache\u201c.<\/p>\n<p>Source: Kirche-Oldenburg<\/p>\n","protected":false},"excerpt":{"rendered":"<p>Buntes Obst und frisches Gem\u00fcse auf dem Altar. Erntekr\u00e4nze auf der Kanzel. In vielen Stadt- und Landgemeinden r\u00fcckt Erntedank in eine allzu romantische Richtung: \u201eEs driftet dahin ab, nur noch Dekoration zu sein\u201c, erl\u00e4utert Bischof Jan Janssen aus Oldenburg in seinem neuen Videoblog f\u00fcr die EVANGELISCHE KIRCHE IM NDR. Das Video ist ab sofort online auf: www.ndr.de\/kirche. Man m\u00fcsse auch die sehen, die ihre Arbeitskraft daf\u00fcr einsetzen, dass wir satt werden, so der Bischof: \u201eDie vielen Menschen in der Landwirtschaft. Sie stellen sich dem Wechsel von Wetter und Natur. Sie scheuen weder Dreck noch den Duft. Sie sorgen sich um&#8230;<\/p>\n","protected":false},"author":7,"featured_media":0,"comment_status":"false","ping_status":"open","sticky":false,"template":"","format":"standard","meta":{"footnotes":""},"categories":[43],"tags":[44],"class_list":["post-2971","post","type-post","status-publish","format-standard","hentry","category-kirche-oldenburg","tag-kirche-oldenburg"],"_links":{"self":[{"href":"https:\/\/christusnews.de\/site\/wp-json\/wp\/v2\/posts\/2971","targetHints":{"allow":["GET"]}}],"collection":[{"href":"https:\/\/christusnews.de\/site\/wp-json\/wp\/v2\/posts"}],"about":[{"href":"https:\/\/christusnews.de\/site\/wp-json\/wp\/v2\/types\/post"}],"author":[{"embeddable":true,"href":"https:\/\/christusnews.de\/site\/wp-json\/wp\/v2\/users\/7"}],"replies":[{"embeddable":true,"href":"https:\/\/christusnews.de\/site\/wp-json\/wp\/v2\/comments?post=2971"}],"version-history":[{"count":0,"href":"https:\/\/christusnews.de\/site\/wp-json\/wp\/v2\/posts\/2971\/revisions"}],"wp:attachment":[{"href":"https:\/\/christusnews.de\/site\/wp-json\/wp\/v2\/media?parent=2971"}],"wp:term":[{"taxonomy":"category","embeddable":true,"href":"https:\/\/christusnews.de\/site\/wp-json\/wp\/v2\/categories?post=2971"},{"taxonomy":"post_tag","embeddable":true,"href":"https:\/\/christusnews.de\/site\/wp-json\/wp\/v2\/tags?post=2971"}],"curies":[{"name":"wp","href":"https:\/\/api.w.org\/{rel}","templated":true}]}}