{"id":2976,"date":"2015-09-23T12:20:00","date_gmt":"2015-09-23T10:20:00","guid":{"rendered":"http:\/\/christusnews.de\/site\/das-goldene-kalb\/"},"modified":"2015-09-23T12:20:00","modified_gmt":"2015-09-23T10:20:00","slug":"das-goldene-kalb","status":"publish","type":"post","link":"https:\/\/christusnews.de\/site\/das-goldene-kalb\/","title":{"rendered":"\u00abDas goldene Kalb\u00bb"},"content":{"rendered":"<p>Bremen (epd). Inspiriert durch die biblische Geschichte vom goldenen Kalb zeigt die evangelische Kulturkirche in Bremen von diesem Donnerstag an eine Ausstellung zu den G\u00f6tzen, die Menschen heute verehren. Daran seien neun Bremer K\u00fcnstlerinnen und K\u00fcnstler mit 16 Werken beteiligt, sagte am Mittwoch Kulturpastorin Diemut Meyer. Sie seien zu dem Ausstellungs-Projekt unter dem Titel \u00abDas goldene Kalb\u00bb eingeladen worden und h\u00e4tten Skulpturen, Klang- und Lichtinstallationen, Fotos und Bilder geschaffen, erg\u00e4nzte die Theologin.<\/p>\n<p> Bis heute stehe das goldene Kalb symbolisch f\u00fcr G\u00f6tzen, die Menschen verehrten, erl\u00e4uterte Meyer. \u00abWir leben Fu\u00dfball als Ersatzreligion, beten den Mammon an, predigen ewiges Wachstum oder das Gebot der Effizienz, denen sich alles unterzuordnen habe.\u00bb Das zeige sich in der politischen, \u00f6konomischen und sozialen Realit\u00e4t, die immer mehr Menschen in Abh\u00e4ngigkeit, Armut und Not bringe.<\/p>\n<p> Die Ausstellung l\u00e4uft bis zum 22. Januar. Kurator Peter Schaefer sagte, die Arbeiten besch\u00e4ftigten sich fig\u00fcrlich mit dem Kalb, kommentierten die Zusammenh\u00e4nge aber auch politisch. Am kommenden Sonntag ist dazu unter dem Titel \u00abGoldene K\u00e4lber bleiben aktuell\u00bb auch ein Kulturgottesdienst geplant, der um 18 Uhr beginnt. Die Ausstellung ist \u00fcberdies ein Beitrag der bremischen Kirche zum Themenjahr der Evangelischen Kirche in Deutschland \u00abReformation &#8211; Bild und Bibel\u00bb.<\/p>\n<p><em>epd <\/em><\/p>\n<p><strong>Info:<\/strong> Ausstellung \u00abDas goldene Kalb\u00bb: Ge\u00f6ffnet dienstags bis sonntags von 11 Uhr bis 17 Uhr.<\/p>\n<p><strong>Internet:<\/strong> www.kulturkirche-bremen.de<br \/>\nSource: Kirche-Oldenburg<\/p>\n","protected":false},"excerpt":{"rendered":"<p>Bremen (epd). Inspiriert durch die biblische Geschichte vom goldenen Kalb zeigt die evangelische Kulturkirche in Bremen von diesem Donnerstag an eine Ausstellung zu den G\u00f6tzen, die Menschen heute verehren. Daran seien neun Bremer K\u00fcnstlerinnen und K\u00fcnstler mit 16 Werken beteiligt, sagte am Mittwoch Kulturpastorin Diemut Meyer. Sie seien zu dem Ausstellungs-Projekt unter dem Titel \u00abDas goldene Kalb\u00bb eingeladen worden und h\u00e4tten Skulpturen, Klang- und Lichtinstallationen, Fotos und Bilder geschaffen, erg\u00e4nzte die Theologin. Bis heute stehe das goldene Kalb symbolisch f\u00fcr G\u00f6tzen, die Menschen verehrten, erl\u00e4uterte Meyer. \u00abWir leben Fu\u00dfball als Ersatzreligion, beten den Mammon an, predigen ewiges Wachstum oder das&#8230;<\/p>\n","protected":false},"author":7,"featured_media":0,"comment_status":"false","ping_status":"open","sticky":false,"template":"","format":"standard","meta":{"footnotes":""},"categories":[43],"tags":[44],"class_list":["post-2976","post","type-post","status-publish","format-standard","hentry","category-kirche-oldenburg","tag-kirche-oldenburg"],"_links":{"self":[{"href":"https:\/\/christusnews.de\/site\/wp-json\/wp\/v2\/posts\/2976","targetHints":{"allow":["GET"]}}],"collection":[{"href":"https:\/\/christusnews.de\/site\/wp-json\/wp\/v2\/posts"}],"about":[{"href":"https:\/\/christusnews.de\/site\/wp-json\/wp\/v2\/types\/post"}],"author":[{"embeddable":true,"href":"https:\/\/christusnews.de\/site\/wp-json\/wp\/v2\/users\/7"}],"replies":[{"embeddable":true,"href":"https:\/\/christusnews.de\/site\/wp-json\/wp\/v2\/comments?post=2976"}],"version-history":[{"count":0,"href":"https:\/\/christusnews.de\/site\/wp-json\/wp\/v2\/posts\/2976\/revisions"}],"wp:attachment":[{"href":"https:\/\/christusnews.de\/site\/wp-json\/wp\/v2\/media?parent=2976"}],"wp:term":[{"taxonomy":"category","embeddable":true,"href":"https:\/\/christusnews.de\/site\/wp-json\/wp\/v2\/categories?post=2976"},{"taxonomy":"post_tag","embeddable":true,"href":"https:\/\/christusnews.de\/site\/wp-json\/wp\/v2\/tags?post=2976"}],"curies":[{"name":"wp","href":"https:\/\/api.w.org\/{rel}","templated":true}]}}