{"id":3063,"date":"2015-10-11T15:46:00","date_gmt":"2015-10-11T13:46:00","guid":{"rendered":"http:\/\/christusnews.de\/site\/ehemaliger-ejo-vorsitzender-ingo-dachwitz-kandidiert-fuer-den-rat-der-ekd\/"},"modified":"2015-10-11T15:46:00","modified_gmt":"2015-10-11T13:46:00","slug":"ehemaliger-ejo-vorsitzender-ingo-dachwitz-kandidiert-fuer-den-rat-der-ekd","status":"publish","type":"post","link":"https:\/\/christusnews.de\/site\/ehemaliger-ejo-vorsitzender-ingo-dachwitz-kandidiert-fuer-den-rat-der-ekd\/","title":{"rendered":"Ehemaliger ejo-Vorsitzender Ingo Dachwitz kandidiert f\u00fcr den Rat der EKD"},"content":{"rendered":"<p>Der aus Delmenhorst stammende ehemalige Vorsitzende der Evangelischen Jugend Oldenburg (ejo), Ingo Dachwitz (28), geh\u00f6rt zu den Kandidatinnen und Kandidaten f\u00fcr die neue F\u00fchrungsspitze der Evangelischen Kirche in Deutschland (EKD). Wie die EKD am Samstag, 10. Oktober, in Hannover mitteilte, umfasst der Wahlvorschlag des Ratswahlausschusses insgesamt 23 Personen, davon zehn Frauen und 13 M\u00e4nner. <\/p>\n<p>Dem Rat der EKD, der f\u00fcr sechs Jahre gew\u00e4hlt wird, geh\u00f6ren 15 Mitglieder an. 14 dieser Mitglieder werden gemeinsam von Synode und Kirchenkonferenz gew\u00e4hlt. Die Pr\u00e4ses der Synode, die fr\u00fchere FDP-Bundesministerin Irmgard Schwaetzer, steht kraft ihres Amtes als Mitglied des neuen Rates bereits fest. Der neue Rat wird bei der Synodentagung am 10. November in Bremen gew\u00e4hlt.<\/p>\n<p>Der seit 2012 in Berlin studierende Ingo Dachwitz (Masterstudium Medien &amp; Politische Kommunikation an der Freien Universit\u00e4t Berlin) ist seit Mai 2009 als Jugenddelegierter Mitglied der EKD-Synode. Von 2011 bis 2014 nahm er als Mitglied im Bundesvorstand der Arbeitsgemeinschaft der evangelischen Jugend Deutschland (aej) die Interessenvertretung f\u00fcr bundesweit ca. 1,2 Millionen junge Protestantinnen und Protestanten wahr. Von 2007 bis 2011 war er Mitglied im ejo-Vorstand, die letzten beiden Jahre als Vorsitzender. In den Jahren 2004 bis 2007 war er Vorstandssprecher des Kreisjugendkonvents der Evangelischen Jugend im damaligen Kirchenkreis Delmenhorst. Bereits seit 2002 engagierte er sich als Freizeitleiter sp\u00e4ter als Schulungsleiter in der Evangelischen Jugend Delmenhorst.<\/p>\n<p>F\u00fcr den Fall seiner Wahl in den Rat der EKD m\u00f6chte Ingo Dachwitz einen Schwerpunkt auf die beiden Themen Verbesserung kirchlicher Kommunikation sowie Kirche in der digitalen Gesellschaft legen. Dabei gehe es ihm um die Frage, wie die EKD innovative Formen des Glaubenslebens f\u00f6rdern und das Internet als politischen Raum mitgestalten k\u00f6nne, so Dachwitz.<\/p>\n<p>Der Rat leitet die EKD in allen Angelegenheiten, die nicht ausdr\u00fccklich anderen Organen vorbehalten sind. Insbesondere soll er mit theologischer und missionarischer Arbeit die Gemeinschaft der Gliedkirchen in der EKD bef\u00f6rdern, f\u00fcr die Zusammenarbeit der kirchlichen Werke und Verb\u00e4nde in allen Bereichen sorgen, die evangelische Kirche in der \u00d6ffentlichkeit vertreten und zu Fragen des religi\u00f6sen und gesellschaftlichen Lebens Stellung nehmen. <\/p>\n<p>Source: Kirche-Oldenburg<\/p>\n","protected":false},"excerpt":{"rendered":"<p>Der aus Delmenhorst stammende ehemalige Vorsitzende der Evangelischen Jugend Oldenburg (ejo), Ingo Dachwitz (28), geh\u00f6rt zu den Kandidatinnen und Kandidaten f\u00fcr die neue F\u00fchrungsspitze der Evangelischen Kirche in Deutschland (EKD). Wie die EKD am Samstag, 10. Oktober, in Hannover mitteilte, umfasst der Wahlvorschlag des Ratswahlausschusses insgesamt 23 Personen, davon zehn Frauen und 13 M\u00e4nner. Dem Rat der EKD, der f\u00fcr sechs Jahre gew\u00e4hlt wird, geh\u00f6ren 15 Mitglieder an. 14 dieser Mitglieder werden gemeinsam von Synode und Kirchenkonferenz gew\u00e4hlt. Die Pr\u00e4ses der Synode, die fr\u00fchere FDP-Bundesministerin Irmgard Schwaetzer, steht kraft ihres Amtes als Mitglied des neuen Rates bereits fest. Der neue&#8230;<\/p>\n","protected":false},"author":7,"featured_media":0,"comment_status":"false","ping_status":"open","sticky":false,"template":"","format":"standard","meta":{"footnotes":""},"categories":[43],"tags":[44],"class_list":["post-3063","post","type-post","status-publish","format-standard","hentry","category-kirche-oldenburg","tag-kirche-oldenburg"],"_links":{"self":[{"href":"https:\/\/christusnews.de\/site\/wp-json\/wp\/v2\/posts\/3063","targetHints":{"allow":["GET"]}}],"collection":[{"href":"https:\/\/christusnews.de\/site\/wp-json\/wp\/v2\/posts"}],"about":[{"href":"https:\/\/christusnews.de\/site\/wp-json\/wp\/v2\/types\/post"}],"author":[{"embeddable":true,"href":"https:\/\/christusnews.de\/site\/wp-json\/wp\/v2\/users\/7"}],"replies":[{"embeddable":true,"href":"https:\/\/christusnews.de\/site\/wp-json\/wp\/v2\/comments?post=3063"}],"version-history":[{"count":0,"href":"https:\/\/christusnews.de\/site\/wp-json\/wp\/v2\/posts\/3063\/revisions"}],"wp:attachment":[{"href":"https:\/\/christusnews.de\/site\/wp-json\/wp\/v2\/media?parent=3063"}],"wp:term":[{"taxonomy":"category","embeddable":true,"href":"https:\/\/christusnews.de\/site\/wp-json\/wp\/v2\/categories?post=3063"},{"taxonomy":"post_tag","embeddable":true,"href":"https:\/\/christusnews.de\/site\/wp-json\/wp\/v2\/tags?post=3063"}],"curies":[{"name":"wp","href":"https:\/\/api.w.org\/{rel}","templated":true}]}}