{"id":3077,"date":"2015-10-11T08:46:00","date_gmt":"2015-10-11T06:46:00","guid":{"rendered":"http:\/\/christusnews.de\/site\/ekd-friedensbeauftragter-ruft-zu-zivilen-konfliktloesungen-auf\/"},"modified":"2015-10-11T08:46:00","modified_gmt":"2015-10-11T06:46:00","slug":"ekd-friedensbeauftragter-ruft-zu-zivilen-konfliktloesungen-auf","status":"publish","type":"post","link":"https:\/\/christusnews.de\/site\/ekd-friedensbeauftragter-ruft-zu-zivilen-konfliktloesungen-auf\/","title":{"rendered":"EKD-Friedensbeauftragter ruft zu zivilen Konfliktl\u00f6sungen auf"},"content":{"rendered":"<p>Bremen\/Leipzig (epd). Der Friedensbeauftragte der Evangelischen Kirche in Deutschland (EKD), Renke Brahms, hat zu mehr zivilen Anstrengungen angesichts von Kriegen und Konflikten aufgerufen. \u00abUnsere Kraft und Fantasie muss dem Frieden gelten, den gewaltfreien Wegen der Konfliktbearbeitung, dem Schaffen gerechter Verh\u00e4ltnisse, der Bek\u00e4mpfung der Armut und gerechten Handelsbeziehungen\u00bb, mahnte der Theologe aus Bremen am Sonntag in der Nikolaikirche in Leipzig.<\/p>\n<p>\u00abNicht den Krieg wieder f\u00fchrbar zu machen, nicht immer neue Waffensysteme zu erfinden, nicht immer neue Wege zu finden, wie wir Waffen produzieren und exportieren k\u00f6nnen, nicht Einsatzszenarios des Milit\u00e4rs d\u00fcrfen unsere Kraft der Fantasie verschlingen\u00bb, mahnte der leitende Theologe der Bremischen Evangelischen Kirche anl\u00e4sslich des 20. bundesweiten Treffens \u00f6kumenischer Friedensgebetsgruppen.<\/p>\n<p>Keine Anstrengung sei umsonst, das m\u00fchsame Gespr\u00e4ch, Frieden und Vers\u00f6hnung zu suchen. Dies gelte auch f\u00fcr Israel und Pal\u00e4stina, Syrien und den Irak, wo derzeit eine friedliche L\u00f6sung der Konflikte nicht in Sicht sei. \u00abWir haben es doch erlebt in unserer Geschichte, dass sich alte Feinde in Europa die H\u00e4nde reichen, V\u00f6lker sich auss\u00f6hnen und Friede zwischen ihnen herrscht.\u00bb<\/p>\n<p>Brahms erinnerte laut Manuskript an die Friedensgebete, die ab 1982 regelm\u00e4\u00dfig in der Leipziger Nikolaikirche stattfanden. Im September 1989 ging aus dem Gebet die erste Montagsdemonstration in der DDR hervor. Am 9. Oktober vor 26 Jahren protestierten schlie\u00dflich rund 70.000 Menschen nach dem Friedensgebet gegen das SED-Regime. Das Datum gilt heute als entscheidende Wegmarke der friedlichen Revolution. In Leipzig hatten rund 25.000 Menschen am Freitagabend mit einem Lichtfest, einem Friedensgebet und einer \u00abRede zur Demokratie\u00bb daran erinnert.<\/p>\n<p>Die Ereignisse von 1989 in Leipzig h\u00e4tten gezeigt, zu was das Gebet f\u00e4hig sei, betonte Brahms. Dort und an anderen Orten sei in den Kirchen informiert, diskutiert, gebetet und gesungen worden. \u00abDaraus wurde eine Masse, die mutig auf die Stra\u00dfe ging und mit den Rufen nach Gewaltfreiheit eine friedliche Revolution herbeif\u00fchrte\u00bb, sagte der EKD-Friedensbeauftragte.<br \/>\nSource: Kirche-Oldenburg<\/p>\n","protected":false},"excerpt":{"rendered":"<p>Bremen\/Leipzig (epd). Der Friedensbeauftragte der Evangelischen Kirche in Deutschland (EKD), Renke Brahms, hat zu mehr zivilen Anstrengungen angesichts von Kriegen und Konflikten aufgerufen. \u00abUnsere Kraft und Fantasie muss dem Frieden gelten, den gewaltfreien Wegen der Konfliktbearbeitung, dem Schaffen gerechter Verh\u00e4ltnisse, der Bek\u00e4mpfung der Armut und gerechten Handelsbeziehungen\u00bb, mahnte der Theologe aus Bremen am Sonntag in der Nikolaikirche in Leipzig. \u00abNicht den Krieg wieder f\u00fchrbar zu machen, nicht immer neue Waffensysteme zu erfinden, nicht immer neue Wege zu finden, wie wir Waffen produzieren und exportieren k\u00f6nnen, nicht Einsatzszenarios des Milit\u00e4rs d\u00fcrfen unsere Kraft der Fantasie verschlingen\u00bb, mahnte der leitende Theologe der&#8230;<\/p>\n","protected":false},"author":7,"featured_media":0,"comment_status":"false","ping_status":"open","sticky":false,"template":"","format":"standard","meta":{"footnotes":""},"categories":[43],"tags":[44],"class_list":["post-3077","post","type-post","status-publish","format-standard","hentry","category-kirche-oldenburg","tag-kirche-oldenburg"],"_links":{"self":[{"href":"https:\/\/christusnews.de\/site\/wp-json\/wp\/v2\/posts\/3077","targetHints":{"allow":["GET"]}}],"collection":[{"href":"https:\/\/christusnews.de\/site\/wp-json\/wp\/v2\/posts"}],"about":[{"href":"https:\/\/christusnews.de\/site\/wp-json\/wp\/v2\/types\/post"}],"author":[{"embeddable":true,"href":"https:\/\/christusnews.de\/site\/wp-json\/wp\/v2\/users\/7"}],"replies":[{"embeddable":true,"href":"https:\/\/christusnews.de\/site\/wp-json\/wp\/v2\/comments?post=3077"}],"version-history":[{"count":0,"href":"https:\/\/christusnews.de\/site\/wp-json\/wp\/v2\/posts\/3077\/revisions"}],"wp:attachment":[{"href":"https:\/\/christusnews.de\/site\/wp-json\/wp\/v2\/media?parent=3077"}],"wp:term":[{"taxonomy":"category","embeddable":true,"href":"https:\/\/christusnews.de\/site\/wp-json\/wp\/v2\/categories?post=3077"},{"taxonomy":"post_tag","embeddable":true,"href":"https:\/\/christusnews.de\/site\/wp-json\/wp\/v2\/tags?post=3077"}],"curies":[{"name":"wp","href":"https:\/\/api.w.org\/{rel}","templated":true}]}}