{"id":3092,"date":"2015-10-19T12:00:55","date_gmt":"2015-10-19T10:00:55","guid":{"rendered":"http:\/\/christusnews.de\/site\/?p=3092"},"modified":"2015-10-18T14:06:14","modified_gmt":"2015-10-18T12:06:14","slug":"erstkommunion","status":"publish","type":"post","link":"https:\/\/christusnews.de\/site\/erstkommunion\/","title":{"rendered":"Erstkommunion"},"content":{"rendered":"<p>Seit einiger Zeit bereiten sich unsere neuen Erstkommunionkinder<\/p>\n<p>auf ihren gro\u00dfen Tag im April vor.<\/p>\n<p>Mit ihrer Unbefangenheit, mit ihrer Neugier mit ihrem Entdeckergeist<\/p>\n<p>stellen sie ganz ungew\u00f6hnliche Fragen, stellen Sie manchmal auch den Glauben auf den Kopf. Und das ist gut so.<\/p>\n<p>L\u00e4dt es unsere Gemeinden, l\u00e4dt es uns Erwachsene doch ein,<\/p>\n<p>das eine oder andere neu in den Blick zu nehmen oder auf seine Tauglichkeit zu \u00fcberpr\u00fcfen, was uns \u00fcber Jahre und Jahrzehnte vertraut war.<\/p>\n<p>Ich selber erlebe es als gro\u00dfe Bereicherung wenn pl\u00f6tzlich ein Kind einen Satz oder Halbsatz eines Gebetes hinterfragt, wie das denn wohl gemeint sei.<\/p>\n<p>Die Frage ist gut \u2026 und die Antwort hoffentlich noch besser.<\/p>\n<p>Pl\u00f6tzlich wird mir klar, dass unser Glaube mit samt seinen Gepflogenheiten oftmals einer Erkl\u00e4rung Bedarf. Bei jung und alt. Aber Letztere trauen sich das oft nicht.<\/p>\n<p>Gut, das Kindermund die Wahrheit kund tut \u2013 und unbequem sein darf.<\/p>\n<p>Das r\u00fcttelt auf und festigt im Glauben \u2013 auf neue Weise.<\/p>\n<p>&nbsp;<\/p>\n<div class=\"post-content\">\n<div align=\"right\">\n<p>Klaus Elfert<\/p>\n<\/div>\n<p>H\u00f6ren Sie diesen Beitrag bei Radio Jade:<br \/>\n<a href=\"http:\/\/www.radiojade.de\/index.php?a=0410\" target=\"_blank\">Alle Beitr\u00e4ge im \u00dcberblick | RADIO JADE<\/a><\/p>\n<\/div>\n","protected":false},"excerpt":{"rendered":"<p>Seit einiger Zeit bereiten sich unsere neuen Erstkommunionkinder auf ihren gro\u00dfen Tag im April vor. Mit ihrer Unbefangenheit, mit ihrer Neugier mit ihrem Entdeckergeist stellen sie ganz ungew\u00f6hnliche Fragen, stellen Sie manchmal auch den Glauben auf den Kopf. Und das ist gut so. L\u00e4dt es unsere Gemeinden, l\u00e4dt es uns Erwachsene doch ein, das eine oder andere neu in den Blick zu nehmen oder auf seine Tauglichkeit zu \u00fcberpr\u00fcfen, was uns \u00fcber Jahre und Jahrzehnte vertraut war. Ich selber erlebe es als gro\u00dfe Bereicherung wenn pl\u00f6tzlich ein Kind einen Satz oder Halbsatz eines Gebetes hinterfragt, wie das denn wohl gemeint&#8230;<\/p>\n","protected":false},"author":6,"featured_media":1171,"comment_status":"closed","ping_status":"open","sticky":false,"template":"","format":"standard","meta":{"footnotes":""},"categories":[5],"tags":[],"class_list":["post-3092","post","type-post","status-publish","format-standard","has-post-thumbnail","hentry","category-angedacht"],"_links":{"self":[{"href":"https:\/\/christusnews.de\/site\/wp-json\/wp\/v2\/posts\/3092","targetHints":{"allow":["GET"]}}],"collection":[{"href":"https:\/\/christusnews.de\/site\/wp-json\/wp\/v2\/posts"}],"about":[{"href":"https:\/\/christusnews.de\/site\/wp-json\/wp\/v2\/types\/post"}],"author":[{"embeddable":true,"href":"https:\/\/christusnews.de\/site\/wp-json\/wp\/v2\/users\/6"}],"replies":[{"embeddable":true,"href":"https:\/\/christusnews.de\/site\/wp-json\/wp\/v2\/comments?post=3092"}],"version-history":[{"count":1,"href":"https:\/\/christusnews.de\/site\/wp-json\/wp\/v2\/posts\/3092\/revisions"}],"predecessor-version":[{"id":3093,"href":"https:\/\/christusnews.de\/site\/wp-json\/wp\/v2\/posts\/3092\/revisions\/3093"}],"wp:featuredmedia":[{"embeddable":true,"href":"https:\/\/christusnews.de\/site\/wp-json\/wp\/v2\/media\/1171"}],"wp:attachment":[{"href":"https:\/\/christusnews.de\/site\/wp-json\/wp\/v2\/media?parent=3092"}],"wp:term":[{"taxonomy":"category","embeddable":true,"href":"https:\/\/christusnews.de\/site\/wp-json\/wp\/v2\/categories?post=3092"},{"taxonomy":"post_tag","embeddable":true,"href":"https:\/\/christusnews.de\/site\/wp-json\/wp\/v2\/tags?post=3092"}],"curies":[{"name":"wp","href":"https:\/\/api.w.org\/{rel}","templated":true}]}}