{"id":3111,"date":"2015-10-19T12:30:00","date_gmt":"2015-10-19T10:30:00","guid":{"rendered":"http:\/\/christusnews.de\/site\/aus-der-vogelperspektive\/"},"modified":"2015-10-19T12:30:00","modified_gmt":"2015-10-19T10:30:00","slug":"aus-der-vogelperspektive","status":"publish","type":"post","link":"https:\/\/christusnews.de\/site\/aus-der-vogelperspektive\/","title":{"rendered":"\u201eAus der Vogelperspektive\u201c"},"content":{"rendered":"<p>Ein bisschen was von Zugvogelatmosph\u00e4re hatte der gew\u00e4hlte Ort durchaus: Der Gottesdienst anl\u00e4sslich der Zugvogeltage fand n\u00e4mlich im Foyer des Weltnaturerbeportals in Dangast statt. Ein Ort wo es nicht vornehmlich and\u00e4chtig still war, sondern wo immer wieder Menschen durchliefen, die gerade andere Ziele hatten, als diesen Gottesdienst. Gerade das und der direkte Blick auf das Wattenmeer machten den Ort aber so geeignet f\u00fcr diesen besonderen Gottesdienst, darin waren sich Bischof Jan Janssen und der Gesch\u00e4ftsf\u00fchrer der Nationalparkverwaltung Nieders\u00e4chsisches Wattenmeer, Peter S\u00fcdbeck einig. <\/p>\n<p>Die Zugvogeltage gibt es seit 2009, jedes Jahr im Herbst werden in einem Zeitraum von neun Tagen rund 150 Veranstaltungen angeboten, die den Menschen auf unterschiedliche Weise die Faszination des Ph\u00e4nomens \u201eZugv\u00f6gel\u201c n\u00e4herbringen soll. In diesem Jahr gab es erstmals eine Kooperation mit der evangelisch-oldenburgischen Kirche. Deshalb gestaltete Bischof Janssen diesen besonderen Gottesdienst im Weltnaturerbeportal \u201eaus der Vogelperspektive\u201c unter dem Titel \u201eO h\u00e4tte ich Fl\u00fcgel\u201c, entnommen aus Psalm 55: \u201eMein Herz \u00e4ngstet sich in meinem Leibe und Todesfurcht ist auf mich gefallen. Furcht und Zittern ist \u00fcber mich gekommen und Grauen hat mich \u00fcberfallen. Ich sprach: \u201eO h\u00e4tte ich Fl\u00fcgel wie Tauben, dass ich wegfl\u00f6ge und Ruhe f\u00e4nde\u201c, hei\u00dft es dort und ist damit in der derzeitigen Situation rund um die Fl\u00fcchtlingskrise hoch aktuell. <\/p>\n<p>Bischof Janssen griff etliche Bibelstellen auf, in denen V\u00f6gel eine Rolle spielen. Der Blick aus der Vogelperspektive sei aber nicht als Blick von oben herab gedacht, sondern vielmehr eine Perspektive, die den Blick frei mache, der sonst h\u00e4ufig schon beim n\u00e4chsten dringenden Termin h\u00e4ngen bleibe. Fliegen k\u00f6nnen sei ein uralter Menschheitstraum. Heute wohl nicht mehr wegen der altmodischen Vorstellung, dort oben Gott n\u00e4her zu sein, heute vielmehr wegen der \u201eweiten Freir\u00e4ume und offenbar unendlichen Bewegungsfreiheit der V\u00f6gel\u201c. Es gehe von allem \u201eum die Kraft befl\u00fcgelnder Visionen und Bilder\u201c, so Bischof Janssen. <\/p>\n<p>V\u00f6gel reagierten besonders empfindlich auf den ausbeuterischen Umgang mit der Natur. Erstaunlich schnell richteten sie sich auf neue Situationen ein, erkl\u00e4rte der Bischof und nannte etliche Beispiele. Ihm selber sei die Beobachtugn wichtig geworden, dass die V\u00f6gel bei der intensiven Nahrungssuche und dem Kampf ums \u00dcberleben ein sinnvolles Neben- und Miteiander entwickelt h\u00e4tten, sie fielen nicht \u00fcbereinander her. Bischof Janssen rief dazu auf, sich ein Beispiel an den V\u00f6geln zu nehmen, beweglich zu bleiben und aufgrund der Entwicklungsgeschichte zu begreifen, dass alle Menschen auch Zugv\u00f6gel seien, \u201ealso Gesch\u00f6pfe mit Migrationshintergrund\u201c. <\/p>\n<p>Peter S\u00fcdbeck unterstrich in seinem Gru\u00dfwort die Bedeutung der Zugv\u00f6gel als \u201eBoten dieser Welt\u201c. Hier sei es wichtig, Verantwortung zum Erhalt des Lebensraums zu \u00fcbernehmen und \u201eeine gute Willkommenskultur\u201c \u2013 ein Begriff, der heute sehr aktuell ist, zu zeigen. <br \/><span style=\"font-style: italic\">Annette Kellin<\/span><br \/>\nSource: Kirche-Oldenburg<\/p>\n","protected":false},"excerpt":{"rendered":"<p>Ein bisschen was von Zugvogelatmosph\u00e4re hatte der gew\u00e4hlte Ort durchaus: Der Gottesdienst anl\u00e4sslich der Zugvogeltage fand n\u00e4mlich im Foyer des Weltnaturerbeportals in Dangast statt. Ein Ort wo es nicht vornehmlich and\u00e4chtig still war, sondern wo immer wieder Menschen durchliefen, die gerade andere Ziele hatten, als diesen Gottesdienst. Gerade das und der direkte Blick auf das Wattenmeer machten den Ort aber so geeignet f\u00fcr diesen besonderen Gottesdienst, darin waren sich Bischof Jan Janssen und der Gesch\u00e4ftsf\u00fchrer der Nationalparkverwaltung Nieders\u00e4chsisches Wattenmeer, Peter S\u00fcdbeck einig. Die Zugvogeltage gibt es seit 2009, jedes Jahr im Herbst werden in einem Zeitraum von neun Tagen rund&#8230;<\/p>\n","protected":false},"author":7,"featured_media":0,"comment_status":"false","ping_status":"open","sticky":false,"template":"","format":"standard","meta":{"footnotes":""},"categories":[43],"tags":[44],"class_list":["post-3111","post","type-post","status-publish","format-standard","hentry","category-kirche-oldenburg","tag-kirche-oldenburg"],"_links":{"self":[{"href":"https:\/\/christusnews.de\/site\/wp-json\/wp\/v2\/posts\/3111","targetHints":{"allow":["GET"]}}],"collection":[{"href":"https:\/\/christusnews.de\/site\/wp-json\/wp\/v2\/posts"}],"about":[{"href":"https:\/\/christusnews.de\/site\/wp-json\/wp\/v2\/types\/post"}],"author":[{"embeddable":true,"href":"https:\/\/christusnews.de\/site\/wp-json\/wp\/v2\/users\/7"}],"replies":[{"embeddable":true,"href":"https:\/\/christusnews.de\/site\/wp-json\/wp\/v2\/comments?post=3111"}],"version-history":[{"count":0,"href":"https:\/\/christusnews.de\/site\/wp-json\/wp\/v2\/posts\/3111\/revisions"}],"wp:attachment":[{"href":"https:\/\/christusnews.de\/site\/wp-json\/wp\/v2\/media?parent=3111"}],"wp:term":[{"taxonomy":"category","embeddable":true,"href":"https:\/\/christusnews.de\/site\/wp-json\/wp\/v2\/categories?post=3111"},{"taxonomy":"post_tag","embeddable":true,"href":"https:\/\/christusnews.de\/site\/wp-json\/wp\/v2\/tags?post=3111"}],"curies":[{"name":"wp","href":"https:\/\/api.w.org\/{rel}","templated":true}]}}