{"id":3350,"date":"2015-12-17T12:00:32","date_gmt":"2015-12-17T11:00:32","guid":{"rendered":"http:\/\/christusnews.de\/site\/?p=3350"},"modified":"2015-12-14T13:21:10","modified_gmt":"2015-12-14T12:21:10","slug":"lichterkette","status":"publish","type":"post","link":"https:\/\/christusnews.de\/site\/lichterkette\/","title":{"rendered":"Lichterkette"},"content":{"rendered":"<p>Mit zwei kleinen Kindern ist Zuhause immer was los. Besonders im Advent. Die gr\u00f6\u00dfte Sorge meiner Tochter ist im Moment, wann wir denn endlich den Weihnachtsbaum besorgen. Beinahe t\u00e4glich fragt sie ihren Papa, ob sie nicht endlich mal zum G\u00e4rtner fahren wollen. Ich habe mich ein bisschen \u00fcber ihren Enthusiasmus gewundert. Also habe ich sie mal gefragt, warum sie denn so dringend einen Tannenbaum haben m\u00f6chte. Ihre Antwort \u00fcberraschte mich. Sie meint, der Tannenb\u00e4um w\u00fcrde doch immer hinten in der Ecke stehen. Diese Ecke ist doch immer so dunkel. Wenn dort der Tannenbaum steht und wir ganz viele Lichterketten dran h\u00e4ngen, sei diese dunkle Ecke endlich einmal hell. Das w\u00e4re doch so sch\u00f6n in der Weihnachtszeit, dass auch mal die dunklen Ecken endlich einmal hell erleuchtet w\u00e4ren.<\/p>\n<p>&nbsp;<\/p>\n<div align=\"right\">\n<p>Mareike Heitmann<\/p>\n<\/div>\n<p>H\u00f6ren Sie diesen Beitrag bei Radio Jade:<br \/>\n<a href=\"http:\/\/www.radiojade.de\/index.php?a=0410\" target=\"_blank\">Alle Beitr\u00e4ge im \u00dcberblick | RADIO JADE<\/a><\/p>\n","protected":false},"excerpt":{"rendered":"<p>Mit zwei kleinen Kindern ist Zuhause immer was los. Besonders im Advent. Die gr\u00f6\u00dfte Sorge meiner Tochter ist im Moment, wann wir denn endlich den Weihnachtsbaum besorgen. Beinahe t\u00e4glich fragt sie ihren Papa, ob sie nicht endlich mal zum G\u00e4rtner fahren wollen. Ich habe mich ein bisschen \u00fcber ihren Enthusiasmus gewundert. Also habe ich sie mal gefragt, warum sie denn so dringend einen Tannenbaum haben m\u00f6chte. Ihre Antwort \u00fcberraschte mich. Sie meint, der Tannenb\u00e4um w\u00fcrde doch immer hinten in der Ecke stehen. Diese Ecke ist doch immer so dunkel. Wenn dort der Tannenbaum steht und wir ganz viele Lichterketten dran&#8230;<\/p>\n","protected":false},"author":6,"featured_media":1171,"comment_status":"closed","ping_status":"open","sticky":false,"template":"","format":"standard","meta":{"footnotes":""},"categories":[5],"tags":[],"class_list":["post-3350","post","type-post","status-publish","format-standard","has-post-thumbnail","hentry","category-angedacht"],"_links":{"self":[{"href":"https:\/\/christusnews.de\/site\/wp-json\/wp\/v2\/posts\/3350","targetHints":{"allow":["GET"]}}],"collection":[{"href":"https:\/\/christusnews.de\/site\/wp-json\/wp\/v2\/posts"}],"about":[{"href":"https:\/\/christusnews.de\/site\/wp-json\/wp\/v2\/types\/post"}],"author":[{"embeddable":true,"href":"https:\/\/christusnews.de\/site\/wp-json\/wp\/v2\/users\/6"}],"replies":[{"embeddable":true,"href":"https:\/\/christusnews.de\/site\/wp-json\/wp\/v2\/comments?post=3350"}],"version-history":[{"count":1,"href":"https:\/\/christusnews.de\/site\/wp-json\/wp\/v2\/posts\/3350\/revisions"}],"predecessor-version":[{"id":3351,"href":"https:\/\/christusnews.de\/site\/wp-json\/wp\/v2\/posts\/3350\/revisions\/3351"}],"wp:featuredmedia":[{"embeddable":true,"href":"https:\/\/christusnews.de\/site\/wp-json\/wp\/v2\/media\/1171"}],"wp:attachment":[{"href":"https:\/\/christusnews.de\/site\/wp-json\/wp\/v2\/media?parent=3350"}],"wp:term":[{"taxonomy":"category","embeddable":true,"href":"https:\/\/christusnews.de\/site\/wp-json\/wp\/v2\/categories?post=3350"},{"taxonomy":"post_tag","embeddable":true,"href":"https:\/\/christusnews.de\/site\/wp-json\/wp\/v2\/tags?post=3350"}],"curies":[{"name":"wp","href":"https:\/\/api.w.org\/{rel}","templated":true}]}}