{"id":4681,"date":"2016-07-06T12:00:07","date_gmt":"2016-07-06T10:00:07","guid":{"rendered":"http:\/\/christusnews.de\/site\/?p=4681"},"modified":"2016-07-06T11:29:26","modified_gmt":"2016-07-06T09:29:26","slug":"angedacht-aus-wildflecken","status":"publish","type":"post","link":"https:\/\/christusnews.de\/site\/angedacht-aus-wildflecken\/","title":{"rendered":"Angedacht aus Wildflecken"},"content":{"rendered":"<p>In den n\u00e4chsten Tagen kommt die Sendung &#8220;Angedacht&#8221; von Radio Jade UKW 87,8 aus Wildflecken. Einen Link zum heutigen Beitrag finden Sie hier:<\/p>\n<p>&nbsp;<\/p>\n<p style=\"text-align: center;\"><a href=\"http:\/\/www.radio-jade.de\/?s=angedacht\" target=\"_blank\">Alle Beitr\u00e4ge im \u00dcberblick | RADIO JADE<\/a><\/p>\n<p>&nbsp;<\/p>\n<p>&nbsp;<\/p>\n<div align=\"right\">\n<p>Frank Morgenstern<\/p>\n<\/div>\n<p>H\u00f6ren Sie diesen Beitrag bei Radio Jade:<br \/>\n<a href=\"http:\/\/www.radio-jade.de\/?s=angedacht\" target=\"_blank\">Alle Beitr\u00e4ge im \u00dcberblick | RADIO JADE<\/a><\/p>\n","protected":false},"excerpt":{"rendered":"<p>In den n\u00e4chsten Tagen kommt die Sendung &#8220;Angedacht&#8221; von Radio Jade UKW 87,8 aus Wildflecken. Einen Link zum heutigen Beitrag finden Sie hier: &nbsp; Alle Beitr\u00e4ge im \u00dcberblick | RADIO JADE &nbsp; &nbsp; Frank Morgenstern H\u00f6ren Sie diesen Beitrag bei Radio Jade: Alle Beitr\u00e4ge im \u00dcberblick | RADIO JADE<\/p>\n","protected":false},"author":6,"featured_media":4654,"comment_status":"closed","ping_status":"open","sticky":false,"template":"","format":"standard","meta":{"footnotes":""},"categories":[5],"tags":[],"class_list":["post-4681","post","type-post","status-publish","format-standard","has-post-thumbnail","hentry","category-angedacht"],"_links":{"self":[{"href":"https:\/\/christusnews.de\/site\/wp-json\/wp\/v2\/posts\/4681","targetHints":{"allow":["GET"]}}],"collection":[{"href":"https:\/\/christusnews.de\/site\/wp-json\/wp\/v2\/posts"}],"about":[{"href":"https:\/\/christusnews.de\/site\/wp-json\/wp\/v2\/types\/post"}],"author":[{"embeddable":true,"href":"https:\/\/christusnews.de\/site\/wp-json\/wp\/v2\/users\/6"}],"replies":[{"embeddable":true,"href":"https:\/\/christusnews.de\/site\/wp-json\/wp\/v2\/comments?post=4681"}],"version-history":[{"count":1,"href":"https:\/\/christusnews.de\/site\/wp-json\/wp\/v2\/posts\/4681\/revisions"}],"predecessor-version":[{"id":4682,"href":"https:\/\/christusnews.de\/site\/wp-json\/wp\/v2\/posts\/4681\/revisions\/4682"}],"wp:featuredmedia":[{"embeddable":true,"href":"https:\/\/christusnews.de\/site\/wp-json\/wp\/v2\/media\/4654"}],"wp:attachment":[{"href":"https:\/\/christusnews.de\/site\/wp-json\/wp\/v2\/media?parent=4681"}],"wp:term":[{"taxonomy":"category","embeddable":true,"href":"https:\/\/christusnews.de\/site\/wp-json\/wp\/v2\/categories?post=4681"},{"taxonomy":"post_tag","embeddable":true,"href":"https:\/\/christusnews.de\/site\/wp-json\/wp\/v2\/tags?post=4681"}],"curies":[{"name":"wp","href":"https:\/\/api.w.org\/{rel}","templated":true}]}}