{"id":4719,"date":"2016-07-06T10:41:00","date_gmt":"2016-07-06T08:41:00","guid":{"rendered":"http:\/\/christusnews.de\/site\/weil-bund-muss-sich-staerker-an-fluechtlingskosten-beteiligen\/"},"modified":"2016-07-06T10:41:00","modified_gmt":"2016-07-06T08:41:00","slug":"weil-bund-muss-sich-staerker-an-fluechtlingskosten-beteiligen","status":"publish","type":"post","link":"https:\/\/christusnews.de\/site\/weil-bund-muss-sich-staerker-an-fluechtlingskosten-beteiligen\/","title":{"rendered":"Weil: Bund muss sich st\u00e4rker an Fl\u00fcchtlingskosten beteiligen"},"content":{"rendered":"<p>Hannover\/Bremen (epd). Nach Bayerns Ministerpr\u00e4sident Horst Seehofer (CSU) hat auch Niedersachsens Regierungschef Stephan Weil (SPD) den Bund aufgefordert, sich deutlich st\u00e4rker an den Kosten f\u00fcr Fl\u00fcchtlinge zu beteiligen. \u00abDas ist derzeit nur im unzul\u00e4nglichen Ma\u00dfe der Fall\u00bb, sagte Weil dem Bremer \u00abWeser-Kurier\u00bb (Donnerstagsausgabe). Niedersachsen erhalte lediglich ein Viertel seiner tats\u00e4chlichen Aufwendungen aus Berlin erstattet. \u00abDas ist nicht angemessen.\u00bb<\/p>\n<p>Die Aufnahme der ankommenden Fl\u00fcchtlinge sei eine gemeinsam zu bew\u00e4ltigende, schwierige Aufgabe. \u00abWir m\u00fcssen immer wieder daran erinnern, dass der Bund einen ma\u00dfgeblichen Anteil daran hat, dass im vergangenen Jahr eine Million Menschen zu uns nach Deutschland gekommen sind. Dann muss er jetzt auch dazu beitragen, dass wir die Folgen in den Griff bekommen\u00bb, sagte Weil mit Blick auf das Treffen der L\u00e4nderchefs mit Bundeskanzlerin Angela Merkel (CDU) am Donnerstag in Berlin. \u00abAngesichts der allgemeinen Lage sollte sich die Politik in den Fragen von Flucht und Asyl nicht miteinander streiten, sondern schnelle vern\u00fcnftige Ergebnisse pr\u00e4sentieren.\u00bb<\/p>\n<p>Seehofer hatte in der \u00abS\u00fcddeutschen Zeitung\u00bb (Mittwochsausgabe) acht Milliarden Euro vom Bund \u00abgestaffelt auf drei Jahre\u00bb gefordert. Nach seiner Vorstellung k\u00f6nnte der Bund in diesem Jahr 1,5 Milliarden Euro, im kommenden Jahr 2,5 Milliarden Euro und 2018 schlie\u00dflich vier Milliarden Euro an die L\u00e4nder geben. Bundesfinanzminister Wolfgang Sch\u00e4uble (CDU) sagte am Mittwoch bei der Vorstellung der Haushaltseckpunkte f\u00fcr 2017 in Berlin, in dieser Gr\u00f6\u00dfenordnung habe der Bund vor dem Treffen mit der Kanzlerin bereits Unterst\u00fctzung angeboten.<br \/>\nSource: Kirche-Oldenburg<\/p>\n","protected":false},"excerpt":{"rendered":"<p>Hannover\/Bremen (epd). Nach Bayerns Ministerpr\u00e4sident Horst Seehofer (CSU) hat auch Niedersachsens Regierungschef Stephan Weil (SPD) den Bund aufgefordert, sich deutlich st\u00e4rker an den Kosten f\u00fcr Fl\u00fcchtlinge zu beteiligen. \u00abDas ist derzeit nur im unzul\u00e4nglichen Ma\u00dfe der Fall\u00bb, sagte Weil dem Bremer \u00abWeser-Kurier\u00bb (Donnerstagsausgabe). Niedersachsen erhalte lediglich ein Viertel seiner tats\u00e4chlichen Aufwendungen aus Berlin erstattet. \u00abDas ist nicht angemessen.\u00bb Die Aufnahme der ankommenden Fl\u00fcchtlinge sei eine gemeinsam zu bew\u00e4ltigende, schwierige Aufgabe. \u00abWir m\u00fcssen immer wieder daran erinnern, dass der Bund einen ma\u00dfgeblichen Anteil daran hat, dass im vergangenen Jahr eine Million Menschen zu uns nach Deutschland gekommen sind. Dann muss er&#8230;<\/p>\n","protected":false},"author":7,"featured_media":0,"comment_status":"false","ping_status":"open","sticky":false,"template":"","format":"standard","meta":{"footnotes":""},"categories":[43],"tags":[44],"class_list":["post-4719","post","type-post","status-publish","format-standard","hentry","category-kirche-oldenburg","tag-kirche-oldenburg"],"_links":{"self":[{"href":"https:\/\/christusnews.de\/site\/wp-json\/wp\/v2\/posts\/4719","targetHints":{"allow":["GET"]}}],"collection":[{"href":"https:\/\/christusnews.de\/site\/wp-json\/wp\/v2\/posts"}],"about":[{"href":"https:\/\/christusnews.de\/site\/wp-json\/wp\/v2\/types\/post"}],"author":[{"embeddable":true,"href":"https:\/\/christusnews.de\/site\/wp-json\/wp\/v2\/users\/7"}],"replies":[{"embeddable":true,"href":"https:\/\/christusnews.de\/site\/wp-json\/wp\/v2\/comments?post=4719"}],"version-history":[{"count":0,"href":"https:\/\/christusnews.de\/site\/wp-json\/wp\/v2\/posts\/4719\/revisions"}],"wp:attachment":[{"href":"https:\/\/christusnews.de\/site\/wp-json\/wp\/v2\/media?parent=4719"}],"wp:term":[{"taxonomy":"category","embeddable":true,"href":"https:\/\/christusnews.de\/site\/wp-json\/wp\/v2\/categories?post=4719"},{"taxonomy":"post_tag","embeddable":true,"href":"https:\/\/christusnews.de\/site\/wp-json\/wp\/v2\/tags?post=4719"}],"curies":[{"name":"wp","href":"https:\/\/api.w.org\/{rel}","templated":true}]}}