{"id":4769,"date":"2016-07-19T12:00:59","date_gmt":"2016-07-19T10:00:59","guid":{"rendered":"http:\/\/christusnews.de\/site\/?p=4769"},"modified":"2016-07-15T13:29:42","modified_gmt":"2016-07-15T11:29:42","slug":"kinder-des-lichts","status":"publish","type":"post","link":"https:\/\/christusnews.de\/site\/kinder-des-lichts\/","title":{"rendered":"Kinder des Lichts"},"content":{"rendered":"<p>Wenn am Morgen die Sonne scheint, geht es uns gleich besser.<\/p>\n<p>Dann freue ich mich jedenfalls viel mehr auf den neuen Tag.<\/p>\n<p>Licht schenkt Freude und Leben.<\/p>\n<p>Und darum fordert uns der Apostel im Epheserbrief auf:<br \/>\n\u201e<strong>Lebt als Kinder des Lichts!<\/strong>\u201c<\/p>\n<p>Auch wir k\u00f6nnen mit der Art, wie wir leben, Licht und Sonnenschein in das Leben anderer bringen. Ich denke, dass haben Sie alle schon erlebt, dass ein Mensch nur hereinkommen muss und man hat das Gef\u00fchl:<\/p>\n<p>Die Sonne geht auf.<\/p>\n<p>Ein fr\u00f6hlicher oder f\u00fcrsorglicher Mensch kann uns so zum Licht werden. Und auch wir selbst d\u00fcrfen so f\u00fcr andere, &#8211; f\u00fcreinander da sein.<\/p>\n<p>Und darum sagt der Apostel:<br \/>\n\u201e<strong>Die Frucht des Lichts ist lauter G\u00fcte, Gerechtigkeit und Wahrheit.<\/strong>\u201c<\/p>\n<p>Ich w\u00fcnsche uns allen, dass wir so miteinander leben k\u00f6nnen.<\/p>\n<p>Wenn einer f\u00fcr den anderen da ist, &#8211; wir nicht nur unseren eigenen Vorteil suchen, sondern auch das, was f\u00fcr die anderen gut ist und offen und ehrlich leben, dann denke ich, dass wir alle viel fr\u00f6hlicher und sch\u00f6ner miteinander leben.<\/p>\n<p>Als Christen k\u00f6nnen wir uns dazu jeden Tag neu ermuntern.<\/p>\n<p>Denn wir wissen: Gottes Licht scheint in unserem Leben.<br \/>\n&nbsp;<\/p>\n<div align=\"right\">\n<p>Dietrich Schneider, Pfarrer der Thomaskirche Wilhelmshaven<\/p>\n<\/div>\n<p>H\u00f6ren Sie diesen Beitrag bei Radio Jade:<br \/>\n<a href=\"http:\/\/www.radiojade.de\/index.php?a=0410\" target=\"_blank\">Alle Beitr\u00e4ge im \u00dcberblick | RADIO JADE<\/a><\/p>\n","protected":false},"excerpt":{"rendered":"<p>Wenn am Morgen die Sonne scheint, geht es uns gleich besser. Dann freue ich mich jedenfalls viel mehr auf den neuen Tag. Licht schenkt Freude und Leben. Und darum fordert uns der Apostel im Epheserbrief auf: \u201eLebt als Kinder des Lichts!\u201c Auch wir k\u00f6nnen mit der Art, wie wir leben, Licht und Sonnenschein in das Leben anderer bringen. Ich denke, dass haben Sie alle schon erlebt, dass ein Mensch nur hereinkommen muss und man hat das Gef\u00fchl: Die Sonne geht auf. Ein fr\u00f6hlicher oder f\u00fcrsorglicher Mensch kann uns so zum Licht werden. Und auch wir selbst d\u00fcrfen so f\u00fcr andere,&#8230;<\/p>\n","protected":false},"author":6,"featured_media":933,"comment_status":"closed","ping_status":"open","sticky":false,"template":"","format":"standard","meta":{"footnotes":""},"categories":[5],"tags":[],"class_list":["post-4769","post","type-post","status-publish","format-standard","has-post-thumbnail","hentry","category-angedacht"],"_links":{"self":[{"href":"https:\/\/christusnews.de\/site\/wp-json\/wp\/v2\/posts\/4769","targetHints":{"allow":["GET"]}}],"collection":[{"href":"https:\/\/christusnews.de\/site\/wp-json\/wp\/v2\/posts"}],"about":[{"href":"https:\/\/christusnews.de\/site\/wp-json\/wp\/v2\/types\/post"}],"author":[{"embeddable":true,"href":"https:\/\/christusnews.de\/site\/wp-json\/wp\/v2\/users\/6"}],"replies":[{"embeddable":true,"href":"https:\/\/christusnews.de\/site\/wp-json\/wp\/v2\/comments?post=4769"}],"version-history":[{"count":1,"href":"https:\/\/christusnews.de\/site\/wp-json\/wp\/v2\/posts\/4769\/revisions"}],"predecessor-version":[{"id":4770,"href":"https:\/\/christusnews.de\/site\/wp-json\/wp\/v2\/posts\/4769\/revisions\/4770"}],"wp:featuredmedia":[{"embeddable":true,"href":"https:\/\/christusnews.de\/site\/wp-json\/wp\/v2\/media\/933"}],"wp:attachment":[{"href":"https:\/\/christusnews.de\/site\/wp-json\/wp\/v2\/media?parent=4769"}],"wp:term":[{"taxonomy":"category","embeddable":true,"href":"https:\/\/christusnews.de\/site\/wp-json\/wp\/v2\/categories?post=4769"},{"taxonomy":"post_tag","embeddable":true,"href":"https:\/\/christusnews.de\/site\/wp-json\/wp\/v2\/tags?post=4769"}],"curies":[{"name":"wp","href":"https:\/\/api.w.org\/{rel}","templated":true}]}}