{"id":5004,"date":"2016-08-30T11:06:00","date_gmt":"2016-08-30T09:06:00","guid":{"rendered":"http:\/\/christusnews.de\/site\/gut-vernetzt-und-diskussionsfreudig\/"},"modified":"2016-08-30T11:06:00","modified_gmt":"2016-08-30T09:06:00","slug":"gut-vernetzt-und-diskussionsfreudig","status":"publish","type":"post","link":"https:\/\/christusnews.de\/site\/gut-vernetzt-und-diskussionsfreudig\/","title":{"rendered":"Gut vernetzt und diskussionsfreudig"},"content":{"rendered":"<p>Vom 1. September an ist Marcel Hackler Studienleiter \u201eKirche und Politik\u201c der Akademie der Ev.-Luth. Kirche in Oldenburg. Mit dem neu eingerichteten Studienbereich setzt die Akademie k\u00fcnftig einen ihrer Schwerpunkte auf aktuelle Themen aus der Gesellschafts- und der Umweltpolitik. Der 26-j\u00e4hrige Hackler hat sein Masterstudium in Sustainability, Economics and Management (SEM) an der Oldenburger Carl von Ossietzky-Universit\u00e4t absolviert, einem der f\u00fchrenden Nachhaltigkeits-Studieng\u00e4nge in Deutschland. Uwe Fischer, bisher Studienleiter \u201eKirche und Kultur\u201c an der Akademie, wechselt mit seinem Fachbereich an das Ev. Bildungshaus in Rastede.<\/p>\n<p>\u201eIch freue mich auf die Arbeit, weil ich das Konzept der evangelischen Akademien in Deutschland sehr sch\u00e4tze. Daran mitwirken zu k\u00f6nnen, finde ich spannend\u201c, sagt Marcel Hackler. \u201eDie Akademien sind fest in der Gesellschaft verankert und bringen Akteure aus verschiedenen Bereichen zu vielf\u00e4ltigen Diskussionen zusammen. Gleichzeitig pr\u00e4sentieren sie durch den Glauben einen verl\u00e4sslichen Wertekanon.\u201c Die ersten Monate wird der neue Studienleiter nutzen, um Schwerpunkte im Programm herauszuarbeiten und Referenten zu gewinnen. Vom ersten Halbjahr 2017 an wird seine Handschrift das Programm der Akademie entscheidend mitpr\u00e4gen. Fest steht, dass seine Themen mit einem kritischen Diskurs verbunden sein werden. \u201eDas finde ich ganz wichtig\u201c, betont er.<\/p>\n<p>Marcel Hackler ist breit aufgestellt mit Engagements im Bereich Umweltschutz, Nachhaltigkeit und Fl\u00fcchtlingshilfe. \u201eHier bin ich deutschlandweit und auch dar\u00fcber hinaus gut vernetzt\u201c, erz\u00e4hlt er. Unter anderem engagiert er sich im Museum des Konsumwahns im Repair Caf\u00e9 Oldenburg, ist als Projektmanager f\u00fcr die \u201eWerkstatt Zukunft\u201c und f\u00fcr \u201etransfer \u2013 Verein f\u00fcr Medienarbeit zugunsten einer gesunden Umwelt e.V. Oldenburg\u201c zust\u00e4ndig. Vielen Oldenburgern ist er zudem als Organisator und Moderator des \u201ePolitischen Suppentopfs\u201c w\u00e4hrend der Zukunftstage 2016 und aus der Organisation der \u201eNachdenkstatt Oldenburg\u201c 2014 bekannt. Einer seiner pers\u00f6nlichen Interessenschwerpunkt ist das Thema Ern\u00e4hrung \u2013 ein weites Feld: \u201eMich bewegt sowohl die Frage der gesunden, ausgewogenen Ern\u00e4hrung als auch der Blick auf die Herkunft und Produktion der Lebensmittel bis zu hin der Problematik, wie wir die Ern\u00e4hrung der Weltbev\u00f6lkerung sicherstellen k\u00f6nnen.\u201c Dass er passionierter Radfahrer ist, muss in Oldenburg nicht extra erw\u00e4hnt werden \u2013 allerdings steigt Marcel Hackler als geb\u00fcrtiger Sauerl\u00e4nder eher aufs Mountainbike und weniger aufs Hollandrad. Und auch f\u00fcr sein zweites Hobby, das Klettern, mangelt es im Nordwesten an geeigneten H\u00f6henz\u00fcgen. Doch das ist f\u00fcr den Wahloldenburger kein Hinderungsgrund, sich trotzdem hier wohlzuf\u00fchlen. \u201eZum Gl\u00fcck gibt\u2019s in Oldenburg ja mittelweile Boulderhallen.\u201c<\/p>\n<p>Das aktuelle Programm der Ev. Akademie Oldenburg finden Sie unter www.akademie-oldenburg.de<br \/>\nSource: Kirche-Oldenburg<\/p>\n","protected":false},"excerpt":{"rendered":"<p>Vom 1. September an ist Marcel Hackler Studienleiter \u201eKirche und Politik\u201c der Akademie der Ev.-Luth. Kirche in Oldenburg. Mit dem neu eingerichteten Studienbereich setzt die Akademie k\u00fcnftig einen ihrer Schwerpunkte auf aktuelle Themen aus der Gesellschafts- und der Umweltpolitik. Der 26-j\u00e4hrige Hackler hat sein Masterstudium in Sustainability, Economics and Management (SEM) an der Oldenburger Carl von Ossietzky-Universit\u00e4t absolviert, einem der f\u00fchrenden Nachhaltigkeits-Studieng\u00e4nge in Deutschland. Uwe Fischer, bisher Studienleiter \u201eKirche und Kultur\u201c an der Akademie, wechselt mit seinem Fachbereich an das Ev. Bildungshaus in Rastede. \u201eIch freue mich auf die Arbeit, weil ich das Konzept der evangelischen Akademien in Deutschland sehr&#8230;<\/p>\n","protected":false},"author":7,"featured_media":0,"comment_status":"false","ping_status":"open","sticky":false,"template":"","format":"standard","meta":{"footnotes":""},"categories":[43],"tags":[44],"class_list":["post-5004","post","type-post","status-publish","format-standard","hentry","category-kirche-oldenburg","tag-kirche-oldenburg"],"_links":{"self":[{"href":"https:\/\/christusnews.de\/site\/wp-json\/wp\/v2\/posts\/5004","targetHints":{"allow":["GET"]}}],"collection":[{"href":"https:\/\/christusnews.de\/site\/wp-json\/wp\/v2\/posts"}],"about":[{"href":"https:\/\/christusnews.de\/site\/wp-json\/wp\/v2\/types\/post"}],"author":[{"embeddable":true,"href":"https:\/\/christusnews.de\/site\/wp-json\/wp\/v2\/users\/7"}],"replies":[{"embeddable":true,"href":"https:\/\/christusnews.de\/site\/wp-json\/wp\/v2\/comments?post=5004"}],"version-history":[{"count":0,"href":"https:\/\/christusnews.de\/site\/wp-json\/wp\/v2\/posts\/5004\/revisions"}],"wp:attachment":[{"href":"https:\/\/christusnews.de\/site\/wp-json\/wp\/v2\/media?parent=5004"}],"wp:term":[{"taxonomy":"category","embeddable":true,"href":"https:\/\/christusnews.de\/site\/wp-json\/wp\/v2\/categories?post=5004"},{"taxonomy":"post_tag","embeddable":true,"href":"https:\/\/christusnews.de\/site\/wp-json\/wp\/v2\/tags?post=5004"}],"curies":[{"name":"wp","href":"https:\/\/api.w.org\/{rel}","templated":true}]}}