{"id":5009,"date":"2016-08-30T08:58:00","date_gmt":"2016-08-30T06:58:00","guid":{"rendered":"http:\/\/christusnews.de\/site\/landesregierung-und-kirchen-beraten-ueber-bildungsgerechtigkeit\/"},"modified":"2016-08-30T08:58:00","modified_gmt":"2016-08-30T06:58:00","slug":"landesregierung-und-kirchen-beraten-ueber-bildungsgerechtigkeit","status":"publish","type":"post","link":"https:\/\/christusnews.de\/site\/landesregierung-und-kirchen-beraten-ueber-bildungsgerechtigkeit\/","title":{"rendered":"Landesregierung und Kirchen beraten \u00fcber Bildungsgerechtigkeit"},"content":{"rendered":"<p>Hannover (epd). Die Landesregierung und die evangelischen Kirchen in Niedersachsen wollen sich gemeinsam f\u00fcr mehr Bildungschancen von Kindern aus armen Familien einsetzen. Die Kluft zwischen Arm und Reich d\u00fcrfe sich nicht schon in der Schule verfestigen, sagte der Ratsvorsitzende der Konf\u00f6deration, Landesbischof Ralf Meister, am Dienstag in Hannover bei einem Treffen der Landesminister mit Bisch\u00f6fen und leitenden Vertretern der Kirchen. Deshalb m\u00fcssten Kinder, die von Wohngeld oder Hartz IV lebten, st\u00e4rker unterst\u00fctzt werden. Ministerpr\u00e4sident Stephan Weil (SPD) betonte, die F\u00f6rderung von Kinder in Armut bleibe ein wichtiges Ziel der Landesregierung.<\/p>\n<p>Meister verwies auf eine Online-Petition der Diakonie in Niedersachsen an den Bundestag f\u00fcr eine bessere F\u00f6rderung von Schulkindern aus armen Familien. \u00abLeider haben wir die Zahl von 50.000 Unterst\u00fctzern noch nicht erreicht\u00bb, sagte er. Dazu sei aber noch bis zum 8. September Zeit. Die Diakonie will mit der Petition auf eine Gesetzes\u00e4nderung dringen und mehr Geld f\u00fcr die Anschaffung von Schulsachen erstreiten. Die S\u00e4tze aus dem Bildungs- und Teilhabepaket f\u00fcr Kinder von Hartz-IV-Beziehern in H\u00f6he von j\u00e4hrlich 100 Euro seien im Durchschnitt 53 Euro zu niedrig. Nach Studien w\u00e4chst jedes sechste Kind in Deutschland in Armut auf.<\/p>\n<p>Ministerpr\u00e4sident Weil betonte, alle Kinder in Niedersachsen m\u00fcssen die Chance haben, ihre Talente zu entfalten. \u00abDas ist momentan nicht der Fall, da ist nicht drumherum zu reden\u00bb, sagte er auf epd-Nachfrage. Das Land habe daher die F\u00f6rderung von Kindern unter drei Jahren enorm ausgebaut. Zudem arbeiteten inzwischen mehr als 60 Prozent der nieders\u00e4chsischen Schulen als Ganztagsschulen. \u00abDas brauchen ja nicht unbedingt die Kinder aus einem Hause, in dem sie sowieso schon hervorragend gef\u00f6rdert werden\u00bb, sagte Weil. \u00abUmso mehr brauchen das Kinder aus Familien, bei denen diese Voraussetzungen nicht vorliegen.\u00bb<\/p>\n<p>Das Landeskabinett und die leitenden Repr\u00e4sentanten der f\u00fcnf evangelischen Kirchen in Niedersachsen kommen seit vielen Jahren regelm\u00e4\u00dfig zum Gedankenaustausch zusammen. Eines der Themen ist dabei der Zusammenhalt der Gesellschaft. Die Bindungskr\u00e4fte in der Gesellschaft w\u00fcrden schw\u00e4cher, sagte Meister. Deshalb seien alle gesellschaftlichen Kr\u00e4fte zum gemeinsamen Handeln aufgerufen. Weil w\u00fcrdigte die Kirchen als wichtigen Partner bei der Arbeit f\u00fcr eine weltoffene Gesellschaft und bei der Integration der Fl\u00fcchtlinge.<\/p>\n<p>Source: Kirche-Oldenburg<\/p>\n","protected":false},"excerpt":{"rendered":"<p>Hannover (epd). Die Landesregierung und die evangelischen Kirchen in Niedersachsen wollen sich gemeinsam f\u00fcr mehr Bildungschancen von Kindern aus armen Familien einsetzen. Die Kluft zwischen Arm und Reich d\u00fcrfe sich nicht schon in der Schule verfestigen, sagte der Ratsvorsitzende der Konf\u00f6deration, Landesbischof Ralf Meister, am Dienstag in Hannover bei einem Treffen der Landesminister mit Bisch\u00f6fen und leitenden Vertretern der Kirchen. Deshalb m\u00fcssten Kinder, die von Wohngeld oder Hartz IV lebten, st\u00e4rker unterst\u00fctzt werden. Ministerpr\u00e4sident Stephan Weil (SPD) betonte, die F\u00f6rderung von Kinder in Armut bleibe ein wichtiges Ziel der Landesregierung. Meister verwies auf eine Online-Petition der Diakonie in Niedersachsen an&#8230;<\/p>\n","protected":false},"author":7,"featured_media":0,"comment_status":"false","ping_status":"open","sticky":false,"template":"","format":"standard","meta":{"footnotes":""},"categories":[43],"tags":[44],"class_list":["post-5009","post","type-post","status-publish","format-standard","hentry","category-kirche-oldenburg","tag-kirche-oldenburg"],"_links":{"self":[{"href":"https:\/\/christusnews.de\/site\/wp-json\/wp\/v2\/posts\/5009","targetHints":{"allow":["GET"]}}],"collection":[{"href":"https:\/\/christusnews.de\/site\/wp-json\/wp\/v2\/posts"}],"about":[{"href":"https:\/\/christusnews.de\/site\/wp-json\/wp\/v2\/types\/post"}],"author":[{"embeddable":true,"href":"https:\/\/christusnews.de\/site\/wp-json\/wp\/v2\/users\/7"}],"replies":[{"embeddable":true,"href":"https:\/\/christusnews.de\/site\/wp-json\/wp\/v2\/comments?post=5009"}],"version-history":[{"count":0,"href":"https:\/\/christusnews.de\/site\/wp-json\/wp\/v2\/posts\/5009\/revisions"}],"wp:attachment":[{"href":"https:\/\/christusnews.de\/site\/wp-json\/wp\/v2\/media?parent=5009"}],"wp:term":[{"taxonomy":"category","embeddable":true,"href":"https:\/\/christusnews.de\/site\/wp-json\/wp\/v2\/categories?post=5009"},{"taxonomy":"post_tag","embeddable":true,"href":"https:\/\/christusnews.de\/site\/wp-json\/wp\/v2\/tags?post=5009"}],"curies":[{"name":"wp","href":"https:\/\/api.w.org\/{rel}","templated":true}]}}