{"id":5148,"date":"2016-09-25T11:43:00","date_gmt":"2016-09-25T09:43:00","guid":{"rendered":"http:\/\/christusnews.de\/site\/bundesweite-interkulturelle-woche-in-friedland-eroeffnet-kirchen-wuerdigen-engagement-fuer-fluechtlinge\/"},"modified":"2016-09-25T11:43:00","modified_gmt":"2016-09-25T09:43:00","slug":"bundesweite-interkulturelle-woche-in-friedland-eroeffnet-kirchen-wuerdigen-engagement-fuer-fluechtlinge","status":"publish","type":"post","link":"https:\/\/christusnews.de\/site\/bundesweite-interkulturelle-woche-in-friedland-eroeffnet-kirchen-wuerdigen-engagement-fuer-fluechtlinge\/","title":{"rendered":"Bundesweite Interkulturelle Woche in Friedland er\u00f6ffnet &#8211; Kirchen w\u00fcrdigen Engagement f\u00fcr Fl\u00fcchtlinge"},"content":{"rendered":"<p>Friedland\/Kr. G\u00f6ttingen (epd). Die bundesweite Interkulturelle Woche der Kirchen ist am Sonntag in Friedland bei G\u00f6ttingen er\u00f6ffnet worden. Der Kulturbeauftragte der Evangelischen Kirche in Deutschland, Johann Hinrich Claussen, sagte im zentralen Gottesdienst, das Beispiel des 1945 er\u00f6ffneten Grenzdurchgangslagers Friedland zeige, wie viele Menschen in Deutschland w\u00e4hrend des Krieges oder nach dem Krieg eigene Erfahrungen mit Fluchtgeschichten gesammelt h\u00e4tten. Das erkl\u00e4re die besondere Solidarit\u00e4t, zu der viele Menschen in Deutschland bereit seien.<\/p>\n<p>Deutschland stehe vor gro\u00dfen Herausforderungen, sagte Claussen in der Friedl\u00e4nder St. Norbertkirche am Rande des Grenzdurchgangslagers. \u00abWie gut, dass es die Interkulturelle Woche daf\u00fcr gibt, um gemeinsam zu \u00fcberlegen, wie wir eintr\u00e4chtig in Vielfalt leben k\u00f6nnen.\u00bb Das Motto der diesj\u00e4hrigen Woche lautet \u00abVielfalt. Das Beste gegen Einfalt\u00bb. Dazu sind den Angaben zufolge in mehr als 500 St\u00e4dten und Gemeinden in den kommenden Wochen rund 5.000 Veranstaltungen geplant.<\/p>\n<p>Das Grenzdurchgangslager Friedland bei G\u00f6ttingen wurde im September 1945 auf Anordnung der britischen Armee als erste Anlaufstelle f\u00fcr Fl\u00fcchtlinge und Vertriebene er\u00f6ffnet. Es beherbergt heute eine Erstaufnahme des Landes Niedersachsen f\u00fcr Asylsuchende.<\/p>\n<p>Der Hildesheimer Bischof Norbert Trelle betonte, Friedland sei ein Synonym geworden f\u00fcr das Ankommen in Deutschland, die ersten Schritte auf dem Weg der Begegnung und der Integration. \u00abDieser Weg des Er\u00f6ffnens von Perspektiven, der aktiven Teilhabe und der Suche nach neuen Gemeinsamkeiten ist auch das Kernanliegen der Interkulturellen Woche\u00bb, sagte der Vorsitzende der Migrationskommission der katholischen Deutschen Bischofskonferenz: \u00abWir wollen eine umfassende Solidarit\u00e4t mit Migranten, mit denen, die aus Krieg und Hunger, aus Verfolgung und Erniedrigung geflohen sind.\u00bb<\/p>\n<p>An dem Gottesdienst wirkte auch der griechisch-orthodoxer Archimandrit Gerasimos Frangoulakis mit. Im Anschluss sprachen Vertreter verschiedener Religionen einen Friedensgru\u00df. Sp\u00e4ter startete ein \u00abBegegnungsfest\u00bb mit Theater, Musik und F\u00fchrungen durch das Museum Friedland.<\/p>\n<p>In einem Gemeinsamen Wort zur Interkulturellen Woche w\u00fcrdigten der Vorsitzende der Deutschen Bischofskonferenz, Kardinal Reinhard Marx, der Vorsitzende des Rates der Evangelischen Kirche in Deutschland (EKD), Heinrich Bedford-Strohm, und der Vorsitzende der Orthodoxen Bischofskonferenz in Deutschland, Metropolit Augoustinos von Deutschland, die Hilfsbereitschaft der vielen Engagierten und das beeindruckende Ma\u00df an Solidarit\u00e4t und Unterst\u00fctzung f\u00fcr die Fl\u00fcchtlinge.<\/p>\n<p>Die Interkulturelle Woche ist eine Initiative von Deutscher Bischofskonferenz, Evangelischer Kirche in Deutschland und Griechisch-Orthodoxer Metropolie von Deutschland. Sie findet seit 1975 j\u00e4hrlich Ende September statt. Die Initiative wird von Kommunen, Wohlfahrtsverb\u00e4nden, Gewerkschaften, Integrationsbeir\u00e4ten, Migrantenorganisationen und Gruppen unterst\u00fctzt.<\/p>\n<p>Internet: www.interkulturellewoche.de <\/p>\n<p>Source: Kirche-Oldenburg<\/p>\n","protected":false},"excerpt":{"rendered":"<p>Friedland\/Kr. G\u00f6ttingen (epd). Die bundesweite Interkulturelle Woche der Kirchen ist am Sonntag in Friedland bei G\u00f6ttingen er\u00f6ffnet worden. Der Kulturbeauftragte der Evangelischen Kirche in Deutschland, Johann Hinrich Claussen, sagte im zentralen Gottesdienst, das Beispiel des 1945 er\u00f6ffneten Grenzdurchgangslagers Friedland zeige, wie viele Menschen in Deutschland w\u00e4hrend des Krieges oder nach dem Krieg eigene Erfahrungen mit Fluchtgeschichten gesammelt h\u00e4tten. Das erkl\u00e4re die besondere Solidarit\u00e4t, zu der viele Menschen in Deutschland bereit seien. Deutschland stehe vor gro\u00dfen Herausforderungen, sagte Claussen in der Friedl\u00e4nder St. Norbertkirche am Rande des Grenzdurchgangslagers. \u00abWie gut, dass es die Interkulturelle Woche daf\u00fcr gibt, um gemeinsam zu \u00fcberlegen,&#8230;<\/p>\n","protected":false},"author":7,"featured_media":0,"comment_status":"false","ping_status":"open","sticky":false,"template":"","format":"standard","meta":{"footnotes":""},"categories":[43],"tags":[44],"class_list":["post-5148","post","type-post","status-publish","format-standard","hentry","category-kirche-oldenburg","tag-kirche-oldenburg"],"_links":{"self":[{"href":"https:\/\/christusnews.de\/site\/wp-json\/wp\/v2\/posts\/5148","targetHints":{"allow":["GET"]}}],"collection":[{"href":"https:\/\/christusnews.de\/site\/wp-json\/wp\/v2\/posts"}],"about":[{"href":"https:\/\/christusnews.de\/site\/wp-json\/wp\/v2\/types\/post"}],"author":[{"embeddable":true,"href":"https:\/\/christusnews.de\/site\/wp-json\/wp\/v2\/users\/7"}],"replies":[{"embeddable":true,"href":"https:\/\/christusnews.de\/site\/wp-json\/wp\/v2\/comments?post=5148"}],"version-history":[{"count":0,"href":"https:\/\/christusnews.de\/site\/wp-json\/wp\/v2\/posts\/5148\/revisions"}],"wp:attachment":[{"href":"https:\/\/christusnews.de\/site\/wp-json\/wp\/v2\/media?parent=5148"}],"wp:term":[{"taxonomy":"category","embeddable":true,"href":"https:\/\/christusnews.de\/site\/wp-json\/wp\/v2\/categories?post=5148"},{"taxonomy":"post_tag","embeddable":true,"href":"https:\/\/christusnews.de\/site\/wp-json\/wp\/v2\/tags?post=5148"}],"curies":[{"name":"wp","href":"https:\/\/api.w.org\/{rel}","templated":true}]}}