{"id":5427,"date":"2016-11-26T08:01:00","date_gmt":"2016-11-26T07:01:00","guid":{"rendered":"http:\/\/christusnews.de\/site\/juedisches-kolleg-ordiniert-erstmals-rabbiner-in-norddeutschland\/"},"modified":"2016-11-26T08:01:00","modified_gmt":"2016-11-26T07:01:00","slug":"juedisches-kolleg-ordiniert-erstmals-rabbiner-in-norddeutschland","status":"publish","type":"post","link":"https:\/\/christusnews.de\/site\/juedisches-kolleg-ordiniert-erstmals-rabbiner-in-norddeutschland\/","title":{"rendered":"J\u00fcdisches Kolleg ordiniert erstmals Rabbiner in Norddeutschland"},"content":{"rendered":"<p>Hannover\/Potsdam (epd). Das Potsdamer Abraham-Geiger-Kolleg l\u00e4dt in der kommenden Woche zur ersten Ordinationsfeier in Norddeutschland f\u00fcr neue Rabbiner und Kantoren ein. In der Synagoge Etz Chaim in Hannover sollen am 1. Dezember drei Absolventen des liberal ausgerichteten Rabbinerseminars in ihre \u00c4mter eingesetzt und eingesegnet werden, wie das Kolleg mitteilte. Zwei Rabbiner werden anschlie\u00dfend in Frankreich und Ungarn t\u00e4tig sein, ein Kantor wird in Hannover arbeiten.<\/p>\n<p>Zu der Feier werden als Ehreng\u00e4ste unter anderem Niedersachsens Ministerpr\u00e4sident Stephan Weil (SPD) und Th\u00fcringens Ministerpr\u00e4sident Bodo Ramelow (Linke) erwartet. Die Pr\u00e4sidentin der \u00abCentral Conference of American Rabbis\u00bb, Rabbinerin Denise L. Eger, reist eigens aus Los Angeles an &#8211; sie vertritt weltweit 2.200 Rabbinerinnen und Rabbiner. Der Zentralrat der Juden in Deutschland wird durch Vizepr\u00e4sident Abraham Lehrer aus K\u00f6ln vertreten. Zudem haben mehr als vierzig Rabbinerinnen und Rabbiner aus dem In- und Ausland sowie Repr\u00e4sentanten anderer Religionen ihr Kommen angesagt.<\/p>\n<p>Der in Potsdam ausgebildete Kantor Assaf Levitin wird k\u00fcnftig an der Synagoge Etz Chaim der Liberalen J\u00fcdischen Gemeinde Hannover t\u00e4tig sein, sagte der Sprecher des Kollegs, Hartmut Bomhoff, dem Evangelischen Pressedienst (epd). Er erh\u00e4lt bei der Feier seine Investitur. Die hannoversche Gemeinde ist mit rund 700 Mitgliedern die gr\u00f6\u00dfte liberale j\u00fcdische Gemeinde in Deutschland. Zum Rabbiner ordiniert werden Ariel Pollak, der in Budapest arbeiten wird, und Lior Bar-Ami, der seinen Dienst in Toulouse antritt.<\/p>\n<p>Die ersten Absolventen des 1999 gegr\u00fcndeten Rabbinerseminars wurden 2006 in Dresden eingef\u00fchrt. Seitdem wurden mehr als 20 Frauen und M\u00e4nner in ihre \u00c4mter als Rabbiner eingesegnet, dazu mehrere Kantorinnen und Kantoren &#8211; zuletzt im August 2015 in Bielefeld und davor im September 2014 im polnischen Breslau. Sie sind heute in verschiedenen deutschen St\u00e4dten sowie im europ\u00e4ischen und au\u00dfereurop\u00e4ischen Ausland t\u00e4tig.<\/p>\n<p>Das Kolleg ist nach dem j\u00fcdischen Reform-Rabbiner und Gelehrten Abraham Geiger (1810-1874) benannt. Es f\u00fchrt die Tradition der 1872 er\u00f6ffneten und 1942 von den Nazis geschlossenen Berliner Hochschule f\u00fcr die Wissenschaft des Judentums fort und geh\u00f6rt zur Weltunion f\u00fcr Progressives Judentum. Seit 2008 bildet es auch Kantoren aus, die unter anderem als liturgische Vorbeter und S\u00e4nger im Synagogen-Gottesdienst t\u00e4tig sind. Rektor des Kollegs ist Professor Walter Homolka, der fr\u00fcher zeitweise liberaler Landesrabbiner in Niedersachsen war. Im liberalen Judentum haben anders als im orthodoxen Judentum Frauen alle religi\u00f6sen Rechte.<\/p>\n<p>Seit 2009 werden auch wieder orthodoxe Rabbiner in Deutschland ordiniert. Bisher erhielten in M\u00fcnchen, Leipzig, K\u00f6ln, W\u00fcrzburg und zuletzt im vergangenen September in Frankfurt\/Main insgesamt elf orthodoxe Rabbiner nach einem Studium ihre Ordinationsurkunden.<br \/>\nSource: Kirche-Oldenburg<\/p>\n","protected":false},"excerpt":{"rendered":"<p>Hannover\/Potsdam (epd). Das Potsdamer Abraham-Geiger-Kolleg l\u00e4dt in der kommenden Woche zur ersten Ordinationsfeier in Norddeutschland f\u00fcr neue Rabbiner und Kantoren ein. In der Synagoge Etz Chaim in Hannover sollen am 1. Dezember drei Absolventen des liberal ausgerichteten Rabbinerseminars in ihre \u00c4mter eingesetzt und eingesegnet werden, wie das Kolleg mitteilte. Zwei Rabbiner werden anschlie\u00dfend in Frankreich und Ungarn t\u00e4tig sein, ein Kantor wird in Hannover arbeiten. Zu der Feier werden als Ehreng\u00e4ste unter anderem Niedersachsens Ministerpr\u00e4sident Stephan Weil (SPD) und Th\u00fcringens Ministerpr\u00e4sident Bodo Ramelow (Linke) erwartet. Die Pr\u00e4sidentin der \u00abCentral Conference of American Rabbis\u00bb, Rabbinerin Denise L. Eger, reist eigens aus&#8230;<\/p>\n","protected":false},"author":7,"featured_media":0,"comment_status":"false","ping_status":"open","sticky":false,"template":"","format":"standard","meta":{"footnotes":""},"categories":[43],"tags":[44],"class_list":["post-5427","post","type-post","status-publish","format-standard","hentry","category-kirche-oldenburg","tag-kirche-oldenburg"],"_links":{"self":[{"href":"https:\/\/christusnews.de\/site\/wp-json\/wp\/v2\/posts\/5427","targetHints":{"allow":["GET"]}}],"collection":[{"href":"https:\/\/christusnews.de\/site\/wp-json\/wp\/v2\/posts"}],"about":[{"href":"https:\/\/christusnews.de\/site\/wp-json\/wp\/v2\/types\/post"}],"author":[{"embeddable":true,"href":"https:\/\/christusnews.de\/site\/wp-json\/wp\/v2\/users\/7"}],"replies":[{"embeddable":true,"href":"https:\/\/christusnews.de\/site\/wp-json\/wp\/v2\/comments?post=5427"}],"version-history":[{"count":0,"href":"https:\/\/christusnews.de\/site\/wp-json\/wp\/v2\/posts\/5427\/revisions"}],"wp:attachment":[{"href":"https:\/\/christusnews.de\/site\/wp-json\/wp\/v2\/media?parent=5427"}],"wp:term":[{"taxonomy":"category","embeddable":true,"href":"https:\/\/christusnews.de\/site\/wp-json\/wp\/v2\/categories?post=5427"},{"taxonomy":"post_tag","embeddable":true,"href":"https:\/\/christusnews.de\/site\/wp-json\/wp\/v2\/tags?post=5427"}],"curies":[{"name":"wp","href":"https:\/\/api.w.org\/{rel}","templated":true}]}}