{"id":5549,"date":"2016-12-13T12:00:11","date_gmt":"2016-12-13T11:00:11","guid":{"rendered":"http:\/\/christusnews.de\/site\/?p=5549"},"modified":"2016-12-12T11:52:01","modified_gmt":"2016-12-12T10:52:01","slug":"adventsfeier","status":"publish","type":"post","link":"https:\/\/christusnews.de\/site\/adventsfeier\/","title":{"rendered":"Adventsfeier?"},"content":{"rendered":"<p>Der Countdown l\u00e4uft! Elfmal werden wir noch wach, hei\u00dfa, dann ist Heilig Nacht? F\u00fcr Kinder ist das eine unendlich lange Zeit! Die Zeit will gar nicht vergehen. Wann ist endlich Weihnachten? Da k\u00f6nnte die Zeit ruhig schneller vergehen. F\u00fcr Erwachsene ist das oft anders. Da kann der Tag 25 Stunden, die Woche 8 Tage haben. So viel ist noch vorzubereiten. Geschenke sind noch nicht eingekauft, der Baum fehlt, das Weihnachtsessen nicht organisiert und dann sind da noch die ganzen Adventsfeiern. Es ist nett, sich mit Kollegen, Vereinsfreunden oder Nachbarn mal au\u00dferhalb des Normalen zu treffen. Aber warum m\u00fcssen diese Zusammenk\u00fcnfte immer im Advent sein? Mit Advent hat das doch meist eh nichts zu tun. Im Advent sollen wir uns doch eigentlich einstimmen auf den Inhalt von Weihnachten, die Feier der Geburt von Jesus, Gottes Sohn. Sich dar\u00fcber Gedanken zu machen hei\u00dft, einen besinnlichen Advent zu begehen. Damit haben die meisten Adventsfeiern wohl wenig zu tun und dann kosten sie auch noch so viel Zeit. Die Zeit k\u00f6nnte ich doch sinnvoller nutzen. Muss ich mir dieses oft sinnentleerte Feiern gerade im Advent wirklich antun?<\/p>\n<p>&nbsp;<\/p>\n<div align=\"right\">\n<p>Wolfgang Machtemes<\/p>\n<\/div>\n<p>H\u00f6ren Sie diesen Beitrag bei Radio Jade:<br \/>\n<a href=\"http:\/\/www.radiojade.de\/index.php?a=0410\" target=\"_blank\">Alle Beitr\u00e4ge im \u00dcberblick | RADIO JADE<\/a><\/p>\n","protected":false},"excerpt":{"rendered":"<p>Der Countdown l\u00e4uft! Elfmal werden wir noch wach, hei\u00dfa, dann ist Heilig Nacht? F\u00fcr Kinder ist das eine unendlich lange Zeit! Die Zeit will gar nicht vergehen. Wann ist endlich Weihnachten? Da k\u00f6nnte die Zeit ruhig schneller vergehen. F\u00fcr Erwachsene ist das oft anders. Da kann der Tag 25 Stunden, die Woche 8 Tage haben. So viel ist noch vorzubereiten. Geschenke sind noch nicht eingekauft, der Baum fehlt, das Weihnachtsessen nicht organisiert und dann sind da noch die ganzen Adventsfeiern. Es ist nett, sich mit Kollegen, Vereinsfreunden oder Nachbarn mal au\u00dferhalb des Normalen zu treffen. Aber warum m\u00fcssen diese Zusammenk\u00fcnfte&#8230;<\/p>\n","protected":false},"author":6,"featured_media":1171,"comment_status":"closed","ping_status":"open","sticky":false,"template":"","format":"standard","meta":{"footnotes":""},"categories":[5],"tags":[],"class_list":["post-5549","post","type-post","status-publish","format-standard","has-post-thumbnail","hentry","category-angedacht"],"_links":{"self":[{"href":"https:\/\/christusnews.de\/site\/wp-json\/wp\/v2\/posts\/5549","targetHints":{"allow":["GET"]}}],"collection":[{"href":"https:\/\/christusnews.de\/site\/wp-json\/wp\/v2\/posts"}],"about":[{"href":"https:\/\/christusnews.de\/site\/wp-json\/wp\/v2\/types\/post"}],"author":[{"embeddable":true,"href":"https:\/\/christusnews.de\/site\/wp-json\/wp\/v2\/users\/6"}],"replies":[{"embeddable":true,"href":"https:\/\/christusnews.de\/site\/wp-json\/wp\/v2\/comments?post=5549"}],"version-history":[{"count":1,"href":"https:\/\/christusnews.de\/site\/wp-json\/wp\/v2\/posts\/5549\/revisions"}],"predecessor-version":[{"id":5550,"href":"https:\/\/christusnews.de\/site\/wp-json\/wp\/v2\/posts\/5549\/revisions\/5550"}],"wp:featuredmedia":[{"embeddable":true,"href":"https:\/\/christusnews.de\/site\/wp-json\/wp\/v2\/media\/1171"}],"wp:attachment":[{"href":"https:\/\/christusnews.de\/site\/wp-json\/wp\/v2\/media?parent=5549"}],"wp:term":[{"taxonomy":"category","embeddable":true,"href":"https:\/\/christusnews.de\/site\/wp-json\/wp\/v2\/categories?post=5549"},{"taxonomy":"post_tag","embeddable":true,"href":"https:\/\/christusnews.de\/site\/wp-json\/wp\/v2\/tags?post=5549"}],"curies":[{"name":"wp","href":"https:\/\/api.w.org\/{rel}","templated":true}]}}