{"id":5561,"date":"2016-12-13T14:41:00","date_gmt":"2016-12-13T13:41:00","guid":{"rendered":"http:\/\/christusnews.de\/site\/verbaende-kritisieren-gruendung-einer-pflegekammer-wohlfahrtsverband-und-arbeitgeber-bemaengeln-zu-grossen-aufwand\/"},"modified":"2016-12-13T14:41:00","modified_gmt":"2016-12-13T13:41:00","slug":"verbaende-kritisieren-gruendung-einer-pflegekammer-wohlfahrtsverband-und-arbeitgeber-bemaengeln-zu-grossen-aufwand","status":"publish","type":"post","link":"https:\/\/christusnews.de\/site\/verbaende-kritisieren-gruendung-einer-pflegekammer-wohlfahrtsverband-und-arbeitgeber-bemaengeln-zu-grossen-aufwand\/","title":{"rendered":"Verb\u00e4nde kritisieren Gr\u00fcndung einer Pflegekammer &#8211; Wohlfahrtsverband und Arbeitgeber bem\u00e4ngeln zu gro\u00dfen Aufwand"},"content":{"rendered":"<p>Hannover\/Berlin (epd). Nach der Entscheidung des nieders\u00e4chsischen Landtages, eine landesweite Pflegekammer einzurichten, mehrt sich die Kritik. Der bundesweite Arbeitgeberverband Pflege sprach am Dienstag von \u00abb\u00fcrokratischem Wildwuchs\u00bb und \u00abpolitischem Irrsinn\u00bb. Der Parit\u00e4tische Wohlfahrtsverband kritisierte, in Niedersachsen werde \u00abein gro\u00dfer Verwaltungsapparat ohne wirkliche Befugnisse geschaffen\u00bb.<\/p>\n<p>Der Landtag hatte am Montag mit den Stimmen von SPD und Gr\u00fcnen beschlossen, eine Pflegekammer zu errichten. Ihr sollen alle rund 70.000 examinierten Pflegekr\u00e4fte mit dreij\u00e4hriger Ausbildung verpflichtend angeh\u00f6ren. Sozialministerin Cornelia Rundt (SPD) betonte, die Pflegenden erhielten durch die Kammer eine \u00f6ffentliche Stimme in gesundheitspolitischen Diskussionen. Die Pflegekammer werde Verbesserungen ansto\u00dfen.<\/p>\n<p>Der Arbeitgeberverband erkl\u00e4rte dagegen in Berlin, die Pflegekammer werde weder bei Tariffragen noch bei Verhandlungen \u00fcber die Pfleges\u00e4tze mit am Tisch sitzen: \u00abRichtig Wichtiges zu entscheiden hat diese Kammer nicht\u00bb, sagte Vizepr\u00e4sident Friedhelm Fiedler. Die Kammer wecke vielfach \u00fcberzogene und falsche Erwartungen. \u00abDiese Entscheidung dient vor allem dazu, Funktion\u00e4re verschiedener Verb\u00e4nde mit P\u00f6stchen zu versorgen.\u00bb<\/p>\n<p>Der Parit\u00e4tische bem\u00e4ngelte, die Kammer b\u00fcrde den Pflegekr\u00e4ften durch \u00abZwangsmitgliedschaft\u00bb und den damit verbundenen Beitr\u00e4gen eine zus\u00e4tzliche finanzielle Belastung auf. \u00abDie Pflegekammer kostet viel Geld, tr\u00e4gt aber nicht dazu bei, die wirklichen Probleme zu beheben\u00bb, sagte die Landesvorsitzende Birgit Eckhardt. Die Pflegekr\u00e4fte m\u00fcssten besser bezahlt und die Arbeitsbedingungen in der Pflege flexibler gestaltet werden.<\/p>\n<p>Nach Rheinland-Pfalz und Schleswig-Holstein ist Niedersachsen das dritte Bundesland, das eine Pflegekammer erh\u00e4lt. Andere L\u00e4nder wie Bayern oder Hamburg hatten sich gegen eine Pflegekammer entschieden.<br \/>\nSource: Kirche-Oldenburg<\/p>\n","protected":false},"excerpt":{"rendered":"<p>Hannover\/Berlin (epd). Nach der Entscheidung des nieders\u00e4chsischen Landtages, eine landesweite Pflegekammer einzurichten, mehrt sich die Kritik. Der bundesweite Arbeitgeberverband Pflege sprach am Dienstag von \u00abb\u00fcrokratischem Wildwuchs\u00bb und \u00abpolitischem Irrsinn\u00bb. Der Parit\u00e4tische Wohlfahrtsverband kritisierte, in Niedersachsen werde \u00abein gro\u00dfer Verwaltungsapparat ohne wirkliche Befugnisse geschaffen\u00bb. Der Landtag hatte am Montag mit den Stimmen von SPD und Gr\u00fcnen beschlossen, eine Pflegekammer zu errichten. Ihr sollen alle rund 70.000 examinierten Pflegekr\u00e4fte mit dreij\u00e4hriger Ausbildung verpflichtend angeh\u00f6ren. Sozialministerin Cornelia Rundt (SPD) betonte, die Pflegenden erhielten durch die Kammer eine \u00f6ffentliche Stimme in gesundheitspolitischen Diskussionen. Die Pflegekammer werde Verbesserungen ansto\u00dfen. Der Arbeitgeberverband erkl\u00e4rte dagegen in Berlin,&#8230;<\/p>\n","protected":false},"author":7,"featured_media":0,"comment_status":"false","ping_status":"open","sticky":false,"template":"","format":"standard","meta":{"footnotes":""},"categories":[43],"tags":[44],"class_list":["post-5561","post","type-post","status-publish","format-standard","hentry","category-kirche-oldenburg","tag-kirche-oldenburg"],"_links":{"self":[{"href":"https:\/\/christusnews.de\/site\/wp-json\/wp\/v2\/posts\/5561","targetHints":{"allow":["GET"]}}],"collection":[{"href":"https:\/\/christusnews.de\/site\/wp-json\/wp\/v2\/posts"}],"about":[{"href":"https:\/\/christusnews.de\/site\/wp-json\/wp\/v2\/types\/post"}],"author":[{"embeddable":true,"href":"https:\/\/christusnews.de\/site\/wp-json\/wp\/v2\/users\/7"}],"replies":[{"embeddable":true,"href":"https:\/\/christusnews.de\/site\/wp-json\/wp\/v2\/comments?post=5561"}],"version-history":[{"count":0,"href":"https:\/\/christusnews.de\/site\/wp-json\/wp\/v2\/posts\/5561\/revisions"}],"wp:attachment":[{"href":"https:\/\/christusnews.de\/site\/wp-json\/wp\/v2\/media?parent=5561"}],"wp:term":[{"taxonomy":"category","embeddable":true,"href":"https:\/\/christusnews.de\/site\/wp-json\/wp\/v2\/categories?post=5561"},{"taxonomy":"post_tag","embeddable":true,"href":"https:\/\/christusnews.de\/site\/wp-json\/wp\/v2\/tags?post=5561"}],"curies":[{"name":"wp","href":"https:\/\/api.w.org\/{rel}","templated":true}]}}