{"id":6423,"date":"2017-04-14T09:03:52","date_gmt":"2017-04-14T07:03:52","guid":{"rendered":"http:\/\/christusnews.de\/site\/?p=6423"},"modified":"2017-04-14T09:03:52","modified_gmt":"2017-04-14T07:03:52","slug":"passionspunkt-in-der-kunsthalle-zwischen-nacht-und-tag-mit-dr-juergen-fitschen","status":"publish","type":"post","link":"https:\/\/christusnews.de\/site\/passionspunkt-in-der-kunsthalle-zwischen-nacht-und-tag-mit-dr-juergen-fitschen\/","title":{"rendered":"Passionspunkt in der Kunsthalle: Zwischen Nacht und Tag. Mit Dr. J\u00fcrgen Fitschen"},"content":{"rendered":"<p><em>Passionspunkte wie immer um 18 Uhr. <\/em><\/p>\n<p><em>Freitag, 14 April, Zwischen Nacht und Tag<\/em><\/p>\n<p>Ein kongenialer Titel <em>Zwischen Nacht<\/em> <em>und Tag <\/em>und ein neuer Kunsthallenleiter bestimmen im Vorfeld den klassischen Passionspunkt in der Kunsthalle. Dr. J\u00fcrgen Fitschen wird die Fotoausstellung interpretieren und die TheologInnen Ann-Christin Liebert und Frank Morgenstern schlagen die Verbindung zum gr\u00f6\u00dften, aber auch schwersten Tag der Christen, dem Karfreitag. Das Gerrit Junge Ensemble wird die Kunsthalle musikalisch f\u00fcllen.<\/p>\n","protected":false},"excerpt":{"rendered":"<p>Passionspunkte wie immer um 18 Uhr. Freitag, 14 April, Zwischen Nacht und Tag Ein kongenialer Titel Zwischen Nacht und Tag und ein neuer Kunsthallenleiter bestimmen im Vorfeld den klassischen Passionspunkt in der Kunsthalle. Dr. J\u00fcrgen Fitschen wird die Fotoausstellung interpretieren und die TheologInnen Ann-Christin Liebert und Frank Morgenstern schlagen die Verbindung zum gr\u00f6\u00dften, aber auch schwersten Tag der Christen, dem Karfreitag. Das Gerrit Junge Ensemble wird die Kunsthalle musikalisch f\u00fcllen.<\/p>\n","protected":false},"author":2,"featured_media":6424,"comment_status":"closed","ping_status":"open","sticky":false,"template":"","format":"standard","meta":{"footnotes":""},"categories":[1,6],"tags":[],"class_list":["post-6423","post","type-post","status-publish","format-standard","has-post-thumbnail","hentry","category-gemeinde","category-passionspunkte"],"_links":{"self":[{"href":"https:\/\/christusnews.de\/site\/wp-json\/wp\/v2\/posts\/6423","targetHints":{"allow":["GET"]}}],"collection":[{"href":"https:\/\/christusnews.de\/site\/wp-json\/wp\/v2\/posts"}],"about":[{"href":"https:\/\/christusnews.de\/site\/wp-json\/wp\/v2\/types\/post"}],"author":[{"embeddable":true,"href":"https:\/\/christusnews.de\/site\/wp-json\/wp\/v2\/users\/2"}],"replies":[{"embeddable":true,"href":"https:\/\/christusnews.de\/site\/wp-json\/wp\/v2\/comments?post=6423"}],"version-history":[{"count":1,"href":"https:\/\/christusnews.de\/site\/wp-json\/wp\/v2\/posts\/6423\/revisions"}],"predecessor-version":[{"id":6425,"href":"https:\/\/christusnews.de\/site\/wp-json\/wp\/v2\/posts\/6423\/revisions\/6425"}],"wp:featuredmedia":[{"embeddable":true,"href":"https:\/\/christusnews.de\/site\/wp-json\/wp\/v2\/media\/6424"}],"wp:attachment":[{"href":"https:\/\/christusnews.de\/site\/wp-json\/wp\/v2\/media?parent=6423"}],"wp:term":[{"taxonomy":"category","embeddable":true,"href":"https:\/\/christusnews.de\/site\/wp-json\/wp\/v2\/categories?post=6423"},{"taxonomy":"post_tag","embeddable":true,"href":"https:\/\/christusnews.de\/site\/wp-json\/wp\/v2\/tags?post=6423"}],"curies":[{"name":"wp","href":"https:\/\/api.w.org\/{rel}","templated":true}]}}