{"id":6718,"date":"2017-05-17T12:00:00","date_gmt":"2017-05-17T10:00:00","guid":{"rendered":"http:\/\/christusnews.de\/site\/wir-sehn-uns\/"},"modified":"2017-05-17T12:00:00","modified_gmt":"2017-05-17T10:00:00","slug":"wir-sehn-uns","status":"publish","type":"post","link":"https:\/\/christusnews.de\/site\/wir-sehn-uns\/","title":{"rendered":"Wir sehn uns!"},"content":{"rendered":"<p>Alle zwei Jahre findet der Deutsche Evangelische Kirchentag in einer anderen deutschen Gro\u00dfstadt mit \u00fcber 100.000 Dauerteilnehmern statt. In diesem Jahr f\u00e4llt der 36. Deutsche Evangelische Kirchentag zusammen mit dem 500-j\u00e4hrigen Reformationsjubil\u00e4um, so dass die evangelische Kirche an vielen Orten einen gro\u00dfen Reformationssommer feiert, zu dem auch viele Menschen aus der Region reisen werden.<\/p>\n<p>Am 21. Mai findet deshalb auf dem Lamberti-Marktplatz ein gro\u00dfer Open-Air-Gottesdienst mit Bischof Jan Janssen statt, der die Menschen auf dem Reformationssommer einstimmt und an die verschiedenen Veranstaltungsorte entsendet. An diesem Gottesdienst wirkt nicht nur ein gro\u00dfer Posaunenchor mit \u00fcber 60 Bl\u00e4sern unter der Leitung von Landesposaunenwart Christian Strohmann mit, sondern auch die Berliner Band \u201ePatchwork\u201c, die auch auf dem Kirchentag zahlreiche Konzerte geben wird.<\/p>\n<p>Au\u00dferdem kommen in dem Gottesdienst verschiedene Menschen zu Wort, wie z.B. <br \/>&#8211; ehrenamtliche Helfer und Helferinnen f\u00fcr den Kirchentag, der vom 24.-27.5. in Berlin stattfindet, <br \/>&#8211; eine Posaunenchorleiterin, die zum Kirchentag auf dem Weg nach Leipzig (26.-27.5.) reist, <br \/>&#8211; der Wildeshausener Kirchenmusikdirektor Ralf Gr\u00f6ssler, der f\u00fcr den Festgottesdienst mit rund 200.000 Teilnehmenden in Wittenberg die musikalische Leitung hat, <br \/>&#8211; Johanniter, die einen Dienst auf der Weltausstellung Reformation (20.5.-10.9.) in Wittenberg tun,<\/p>\n<p>Dazu gibt es eine Predigt und einen Reisesegen von Bischof Jan Janssen sowie als \u201eWegzehrung\u201c f\u00fcr alle G\u00e4ste eine kleine Wittenberger Spezialit\u00e4t, die tags zuvor eigens aus der Lutherstadt importiert wird.<\/p>\n<p>Zum Gottesdienst sind alle eingeladen, die nach Berlin zum Kirchentag und nach Wittenberg zum Reformationssommer fahren aber auch alle, die vor Ort bleiben und Lust an der \u201eFreiheit eines Christenmenschen\u201c haben.<\/p>\n<p>Source: Kirche-Oldenburg<\/p>\n","protected":false},"excerpt":{"rendered":"<p>Alle zwei Jahre findet der Deutsche Evangelische Kirchentag in einer anderen deutschen Gro\u00dfstadt mit \u00fcber 100.000 Dauerteilnehmern statt. In diesem Jahr f\u00e4llt der 36. Deutsche Evangelische Kirchentag zusammen mit dem 500-j\u00e4hrigen Reformationsjubil\u00e4um, so dass die evangelische Kirche an vielen Orten einen gro\u00dfen Reformationssommer feiert, zu dem auch viele Menschen aus der Region reisen werden. Am 21. Mai findet deshalb auf dem Lamberti-Marktplatz ein gro\u00dfer Open-Air-Gottesdienst mit Bischof Jan Janssen statt, der die Menschen auf dem Reformationssommer einstimmt und an die verschiedenen Veranstaltungsorte entsendet. An diesem Gottesdienst wirkt nicht nur ein gro\u00dfer Posaunenchor mit \u00fcber 60 Bl\u00e4sern unter der Leitung von&#8230;<\/p>\n","protected":false},"author":7,"featured_media":0,"comment_status":"false","ping_status":"open","sticky":false,"template":"","format":"standard","meta":{"footnotes":""},"categories":[43],"tags":[44],"class_list":["post-6718","post","type-post","status-publish","format-standard","hentry","category-kirche-oldenburg","tag-kirche-oldenburg"],"_links":{"self":[{"href":"https:\/\/christusnews.de\/site\/wp-json\/wp\/v2\/posts\/6718","targetHints":{"allow":["GET"]}}],"collection":[{"href":"https:\/\/christusnews.de\/site\/wp-json\/wp\/v2\/posts"}],"about":[{"href":"https:\/\/christusnews.de\/site\/wp-json\/wp\/v2\/types\/post"}],"author":[{"embeddable":true,"href":"https:\/\/christusnews.de\/site\/wp-json\/wp\/v2\/users\/7"}],"replies":[{"embeddable":true,"href":"https:\/\/christusnews.de\/site\/wp-json\/wp\/v2\/comments?post=6718"}],"version-history":[{"count":0,"href":"https:\/\/christusnews.de\/site\/wp-json\/wp\/v2\/posts\/6718\/revisions"}],"wp:attachment":[{"href":"https:\/\/christusnews.de\/site\/wp-json\/wp\/v2\/media?parent=6718"}],"wp:term":[{"taxonomy":"category","embeddable":true,"href":"https:\/\/christusnews.de\/site\/wp-json\/wp\/v2\/categories?post=6718"},{"taxonomy":"post_tag","embeddable":true,"href":"https:\/\/christusnews.de\/site\/wp-json\/wp\/v2\/tags?post=6718"}],"curies":[{"name":"wp","href":"https:\/\/api.w.org\/{rel}","templated":true}]}}