{"id":6720,"date":"2017-05-17T14:05:00","date_gmt":"2017-05-17T12:05:00","guid":{"rendered":"http:\/\/christusnews.de\/site\/wir-sehn-uns-in-berlin-und-wittenberg\/"},"modified":"2017-05-17T14:05:00","modified_gmt":"2017-05-17T12:05:00","slug":"wir-sehn-uns-in-berlin-und-wittenberg","status":"publish","type":"post","link":"https:\/\/christusnews.de\/site\/wir-sehn-uns-in-berlin-und-wittenberg\/","title":{"rendered":"Wir sehn uns in Berlin und Wittenberg"},"content":{"rendered":"<p>Das Oldenburger Land macht sich auf den Weg zum Kirchentag: Einzelpersonen und Gruppen, Musikerinnen und Musiker und nat\u00fcrlich auch Helferinnen und Helfer werden vom 24. bis 28. Mai nach Berlin und Wittenberg fahren, um an dem Gro\u00dfereignis teilzunehmen. Bei einem Open-Air-Gottesdienst am Sonntag, 21. Mai, um 17 Uhr auf dem Oldenburger Lamberti-Marktplatz wird Bischof Jan Janssen sie an die verschiedenen Veranstaltungsorte entsenden und ihnen einen Reisesegen spenden.<\/p>\n<p>Weitere Infos zum Open-Air-Gottesdienst am 21. Mai gibt es hier.<br \/>\n<br \/>Aus dem Oldenburger Land werden sich rund 1000 Teilnehmende auf den Weg nach Berlin und Wittenberg machen \u2013 die genaue Zahl kann nur gesch\u00e4tzt werden, da die Anmeldung nur direkt beim Kirchentag m\u00f6glich war. Als Losung wurde dieses Jahr ein Zitat aus dem 1. Buch Mose gew\u00e4hlt: \u201eDu siehst mich\u201c. F\u00fcr Bischof Jan Janssen dr\u00fcckt dies Zuversicht und eine starke Gottesgewissheit aus, zudem sei dies einer der Namen, mit denen Gott im Alten Testament bezeichnet werde. \u201eIn unserer Gegenwart, die von Polarisierung gepr\u00e4gt ist, wirbt&nbsp; die Losung aber auch f\u00fcr das Wahrnehmen der Anderen\u201c, macht er deutlich.<br \/>\n<br \/>Oldenburger werden in Berlin aber nicht nur als Teilnehmende dabei sein, sondern bieten auch zahlreiche Veranstaltungen an. Die Liste reicht vom \u201eAbend der Begegnung\u201c in der Nieders\u00e4chsischen Landesvertretung \u00fcber die t\u00e4gliche \u201eStory zum mitr\u00e4tseln\u201c, die die Evangelische Jugend Oldenburg im Zentrum Jugend anbietet, bis hin zum Jazzgottesdienst zum 100. Geburtstag von Ella Fitzgerald, den Bischof Jan Janssen in der Gethsemanekirche im Stadtteil Prenzlauer Berg gestaltet.<br \/>\n<br \/>Auch zahlreiche Musikerinnen und Musiker werden sich am Kirchentag beteiligen \u2013 allen voran die Bl\u00e4serinnen und Bl\u00e4ser. \u201eKirchentag ohne Posaunenchor \u2013 das geht gar nicht\u201c, stellt Landeskirchenmusikdirektorin Beate Besser fest. Beim abschlie\u00dfenden Festgottesdienst wird es f\u00fcr die Posaunench\u00f6re ein eigenes Podium geben, wo mehr als tausend Musizierende Platz finden. Die musikalische Leitung dieses Gottesdienstes wird ebenfalls&nbsp; ein Oldenburger innehaben \u2013 Kirchenmusikdirektor Ralf Gr\u00f6ssler. \u201eDar\u00fcber freuen wir uns sehr\u201c, sagt Beate Besser, denn daf\u00fcr k\u00f6nne man sich nicht bewerben, sondern werde angefragt. Ralf Gr\u00f6ssler wird von seinem Gospelchor \u201eJoyful Voices\u201c und dem \u201eSymphonic Gospel Orchestra\u201c aus Wildeshausen unterst\u00fctzt.<br \/>\n<br \/>Eine Zusammenstellung der Kirchentags-Angebote mit oldenburgischer Beteiligung finden Sie hier.<br \/>\n<br \/>Der Abschlussgottesdienst des Kirchentags wird am Sonntag, 28. Mai, nicht in Berlin, sondern in Wittenberg stattfinden und ist gleichzeitig der zentrale Gottesdienst im Reformationssommer. \u201eDie Bundeskanzlerin und der Bundespr\u00e4sident werden teilnehmen, aber es ist ein Gottesdienst f\u00fcr alle \u2013 insgesamt werden bei sch\u00f6nem Wetter bis zu 120.000 Teilnehmerinnen und Teilnehmer erwartet\u201c, berichtet Pfarrer Nico Szameitat, Reformationsbeauftragter der Ev.-Luth. Kirche in Oldenburg.<br \/>\n<br \/>Bereits an diesem Wochenende \u00f6ffnet in Wittenberg die Weltausstellung, an der sich auch die oldenburgische Kirche zusammen mit der Bremischen Kirche und der Reformierten Kirche beteiligt. Als Gemeinschaftsprojekt betreiben sie die \u201edenkbar. Der Laden\u201c, die zun\u00e4chst ein Begegnungszentrum war und zur Weltausstellung ein kleines Caf\u00e9 wird, in dem echter Ostfriesentee serviert wird und die beteiligten Kirchen sich und Ausschnitte ihrer Arbeit pr\u00e4sentieren. Gastgeber sind im w\u00f6chentlichen Wechsel Menschen aus unserer Region, so zum Beispiel Pfarrer Tom Oliver Brok aus Varel.<br \/>\n&nbsp;&nbsp;<br \/>\nSource: Kirche-Oldenburg<\/p>\n","protected":false},"excerpt":{"rendered":"<p>Das Oldenburger Land macht sich auf den Weg zum Kirchentag: Einzelpersonen und Gruppen, Musikerinnen und Musiker und nat\u00fcrlich auch Helferinnen und Helfer werden vom 24. bis 28. Mai nach Berlin und Wittenberg fahren, um an dem Gro\u00dfereignis teilzunehmen. Bei einem Open-Air-Gottesdienst am Sonntag, 21. Mai, um 17 Uhr auf dem Oldenburger Lamberti-Marktplatz wird Bischof Jan Janssen sie an die verschiedenen Veranstaltungsorte entsenden und ihnen einen Reisesegen spenden. Weitere Infos zum Open-Air-Gottesdienst am 21. Mai gibt es hier. Aus dem Oldenburger Land werden sich rund 1000 Teilnehmende auf den Weg nach Berlin und Wittenberg machen \u2013 die genaue Zahl kann nur&#8230;<\/p>\n","protected":false},"author":7,"featured_media":0,"comment_status":"false","ping_status":"open","sticky":false,"template":"","format":"standard","meta":{"footnotes":""},"categories":[43],"tags":[44],"class_list":["post-6720","post","type-post","status-publish","format-standard","hentry","category-kirche-oldenburg","tag-kirche-oldenburg"],"_links":{"self":[{"href":"https:\/\/christusnews.de\/site\/wp-json\/wp\/v2\/posts\/6720","targetHints":{"allow":["GET"]}}],"collection":[{"href":"https:\/\/christusnews.de\/site\/wp-json\/wp\/v2\/posts"}],"about":[{"href":"https:\/\/christusnews.de\/site\/wp-json\/wp\/v2\/types\/post"}],"author":[{"embeddable":true,"href":"https:\/\/christusnews.de\/site\/wp-json\/wp\/v2\/users\/7"}],"replies":[{"embeddable":true,"href":"https:\/\/christusnews.de\/site\/wp-json\/wp\/v2\/comments?post=6720"}],"version-history":[{"count":0,"href":"https:\/\/christusnews.de\/site\/wp-json\/wp\/v2\/posts\/6720\/revisions"}],"wp:attachment":[{"href":"https:\/\/christusnews.de\/site\/wp-json\/wp\/v2\/media?parent=6720"}],"wp:term":[{"taxonomy":"category","embeddable":true,"href":"https:\/\/christusnews.de\/site\/wp-json\/wp\/v2\/categories?post=6720"},{"taxonomy":"post_tag","embeddable":true,"href":"https:\/\/christusnews.de\/site\/wp-json\/wp\/v2\/tags?post=6720"}],"curies":[{"name":"wp","href":"https:\/\/api.w.org\/{rel}","templated":true}]}}