{"id":8266,"date":"2017-10-27T15:34:14","date_gmt":"2017-10-27T13:34:14","guid":{"rendered":"http:\/\/christusnews.de\/site\/?p=8266"},"modified":"2017-10-27T16:39:33","modified_gmt":"2017-10-27T14:39:33","slug":"reformationsaktionen-vom-29-10-31-10-herzliche-einladung","status":"publish","type":"post","link":"https:\/\/christusnews.de\/site\/reformationsaktionen-vom-29-10-31-10-herzliche-einladung\/","title":{"rendered":"Reformationsaktionen vom 29.10. &#8211; 31.10.  HERZLICHE EINLADUNG!"},"content":{"rendered":"<p>Moin,<\/p>\n<p>500 Jahre Reformation. Das Jubil\u00e4umsjahr geht in die allerletzte Runde und wir weisen noch einmal auf die letzten besonderen Aktionen hin und laden herzlich dazu ein. Zuerst ein kleiner \u00dcberblick. Unten dann ausf\u00fchrliche Texte zum Nachlesen:<\/p>\n<p>Am Sonntag (29.10.) ist um 18 Uhr\u00a0<strong>GoSpecial\u00a0<\/strong>im Pumpwerk. Querdenker hei\u00dft es dort.<\/p>\n<p>Am 31. Oktober wird im Gottesdienst um 10 Uhr die verh\u00fcllende\u00a0<strong>Kunstaktion &#8220;Wort f\u00fcr Wort&#8221;\u00a0<\/strong>er\u00f6ffnet. Ein kongeniales Kunstwerk zum Reformationstag und zu einem Gottesdienst.<\/p>\n<p>Um 15 Uhr gibt es noch einmal die Chance, die Sonderausstellung\u00a0<strong>&#8220;Mit Schwert und Talar&#8221;<\/strong>\u00a0im Deutschen Marinemuseum zu sehen. In einer\u00a0<strong>Finissage\u00a0<\/strong>werden noch einmal besondere Musiken und Texte die Ausstellung interpretieren.<\/p>\n<p>Und die Predigtreihe\u00a0<strong>neu.klang.reformation<\/strong>\u00a0findet am 29. 10. um 10 Uhr mit Meike von Fintel und dem musikalischen Thema\u00a0<strong>&#8220;Im Kanon der Schrift&#8221;<\/strong>\u00a0ihren Abschluss.<\/p>\n<p>Ich freue mich auf Euer und Ihr Mitfeiern.<\/p>\n<p>Gru\u00df und Segen<\/p>\n<p>Ihr und Euer<\/p>\n<p>Frank &amp; Morgenstern<\/p>\n<p><strong><em>\u00a0<\/em><\/strong><\/p>\n<p><strong>GoSpecial zum Thema \u201eQuerdenker\u201c<br \/>\n<\/strong>Der etwas andere Gottesdienst im Pumpwerk in Wilhelmshaven nimmt Ende Oktober, am 29. Oktober (um 18 Uhr) das Thema\u00a0<em>Querdenker<\/em>\u00a0auf.<br \/>\nWie denken wir eigentlich und was passiert in unserem Kopf, wenn wir unsere grauen Zellen anstrengen oder diese eben agieren lassen. Wie kommen wir auf neue Ideen? Und wie gehen wir mit Leuten um, die immer neue Ideen haben und ganz anders denken, als wir es gewohnt sind. Der GoSpecial traut sich an dies Thema ran. Vor 500 Jahre dachte Martin Luther ganz anders und brachte seine damalige Welt auf einen ganz anderen Weg. Viele Ankn\u00fcpfungspunkte bieten sich f\u00fcr diesen neuen GoSpecial an.<br \/>\nAnsonsten gibt es \u2013 wie immer \u2013Theater und eine Dialogpredigt, dieses Mal von dem Oldenburger Nico Szameitat und dem Pastor der Christus- und Garnisonkirche Bernhard Busemann. Durch die 90 min f\u00fchren die Moderatorinnen Wibke Quast und Katharina Guleikoff. Musikalisch ist Lighthouse Down, die junge Band aus Friesland, wieder dabei.<br \/>\nDer GoSpecial richtet sich wie immer an alle, die Gottesdienst einmal etwas anders erleben wollen. Parallel dazu gibt es wie immer eine Kinderbetreuung. Die T\u00fcren des Pumpwerks \u00f6ffnen sich um 17.15 Uhr und auch wie immer sind die Pl\u00e4tze auf 350 Sitzpl\u00e4tze begrenzt. Der Eintritt ist frei.<\/p>\n<p><strong><em>Wort f\u00fcr Wort<br \/>\n<\/em><\/strong><strong><em>Eine Kirche wird in Worte getaucht.<br \/>\n<\/em><\/strong><strong><em>Tina Asche stellt in der Christus- und Garnisonkirche am Reformationstag aus.<br \/>\n<\/em><\/strong>Am Reformationstag, 31.Oktober 2017 um 10 Uhr, wird im Reformationsgottesdienst mit der au\u00dfergew\u00f6hnlichen Kunstaktion \u201eWort f\u00fcr Wort\u201c dem 500-j\u00e4hrigen Jubil\u00e4um gedacht. Martin Luther hatte mit seinen Worten die damalige Welt ersch\u00fcttert. Die Macht der Worte wurde in den Auseinandersetzungen ganz deutlich.<br \/>\nMit der Kunstaktion \u201eWort f\u00fcr Wort\u201c nimmt die K\u00fcnstlerin Tina Asche diese Thematik in der Christus- und Garnisonkirche auf. Sie hat in arbeitsintensiver Vorarbeit G\u00e4steb\u00fccher aus den vergangenen 20 Jahre durchgelesen und Texte herausgezogen und diese auf gro\u00dfe Stoffbahnen geschrieben \/ gemalt. Herausgekommen sind dadurch gro\u00dfe Textfl\u00e4chen, in denen Freud und Leid, Gr\u00fc\u00dfe und Frage direkt nebeneinanderstehen. Diese T\u00fccher werden die Vierung der Kirche zu einem neuen Raum formen.<br \/>\nIm Reformationsgottesdienst wird diese gro\u00dfe symbolische Kunstaktion dem gemeinsamen Erinnern an diesem Festtag eine besondere Tiefe und Weite geben. Gottesdienstfeierende werden von Worten eingeh\u00fcllt sein. Die sogenannte Vierung, in der die beiden Seitenschiffe und das Hauptschiff aufeinandertreffen, wird mit den beschrifteten Stoffbahnen be- und verh\u00e4ngt. Gleichzeitig werden die Bahnen in ihrer Transparenz aber auch eine Durchsicht erm\u00f6glichen. So wird es den Anschein haben, als ob die Worte im Kirchenraum tanzen.<br \/>\nUm 10 Uhr beginnt der Gottesdienst. Die Kunstaktion wird dann auch im gesamten November in der Kirche zu sehen und zu\u200b erleben sein. \u200b<\/p>\n<p><strong>Finissage der Sonderausstellung \u201eMit Schwert und Talar.\u201c<br \/>\n<\/strong><strong>Ein letzter Blick auf die Ausstellung am 31.Oktober um 15 Uhr.<br \/>\n<\/strong>Nach vielen Besuchenden in der Christus- und Garnisonkirche und im Deutschen Marinemuseum, mehreren Vortr\u00e4gen in beiden H\u00e4usern nehmen die Organisatoren ein letztes Mal die Ausstellung in den Blick und blicken zur\u00fcck auf die mehr als f\u00fcnf Monate Sonderausstellung \u201eMit Schwert und Talar\u201c \u00fcber die drei Pastoren Martin Niem\u00f6ller, Friedrich Ronneberger und Ludwig M\u00fcller.<br \/>\nIm Marinemuseum werden noch einmal besondere Aspekte von den Kuratoren der Ausstellung pr\u00e4sentiert. Die Referenten sind Dr. Stephan Huck, Pastor Frank Morgenstern, Nina Nustede MA und Daniel Hirschmann Ma. Unterbrochen werden die Wortbeitr\u00e4ge durch Musik der damaligen Zeit. Das Duo Sybille Hellmann und Thomas Denker werden diese pr\u00e4sentieren.<br \/>\n<em>Der letzte Blick auf die Ausstellung am 31.Oktober um 15 Uhr wird ca. 60 min dauern. Herzliche Einladung. Der Eintritt ist frei.<\/em><\/p>\n","protected":false},"excerpt":{"rendered":"<p>Moin, 500 Jahre Reformation. Das Jubil\u00e4umsjahr geht in die allerletzte Runde und wir weisen noch einmal auf die letzten besonderen Aktionen hin und laden herzlich dazu ein. Zuerst ein kleiner \u00dcberblick. Unten dann ausf\u00fchrliche Texte zum Nachlesen: Am Sonntag (29.10.) ist um 18 Uhr\u00a0GoSpecial\u00a0im Pumpwerk. Querdenker hei\u00dft es dort. Am 31. Oktober wird im Gottesdienst um 10 Uhr die verh\u00fcllende\u00a0Kunstaktion &#8220;Wort f\u00fcr Wort&#8221;\u00a0er\u00f6ffnet. Ein kongeniales Kunstwerk zum Reformationstag und zu einem Gottesdienst. Um 15 Uhr gibt es noch einmal die Chance, die Sonderausstellung\u00a0&#8220;Mit Schwert und Talar&#8221;\u00a0im Deutschen Marinemuseum zu sehen. In einer\u00a0Finissage\u00a0werden noch einmal besondere Musiken und Texte die Ausstellung&#8230;<\/p>\n","protected":false},"author":2,"featured_media":8254,"comment_status":"closed","ping_status":"open","sticky":false,"template":"","format":"standard","meta":{"footnotes":""},"categories":[1],"tags":[],"class_list":["post-8266","post","type-post","status-publish","format-standard","has-post-thumbnail","hentry","category-gemeinde"],"_links":{"self":[{"href":"https:\/\/christusnews.de\/site\/wp-json\/wp\/v2\/posts\/8266","targetHints":{"allow":["GET"]}}],"collection":[{"href":"https:\/\/christusnews.de\/site\/wp-json\/wp\/v2\/posts"}],"about":[{"href":"https:\/\/christusnews.de\/site\/wp-json\/wp\/v2\/types\/post"}],"author":[{"embeddable":true,"href":"https:\/\/christusnews.de\/site\/wp-json\/wp\/v2\/users\/2"}],"replies":[{"embeddable":true,"href":"https:\/\/christusnews.de\/site\/wp-json\/wp\/v2\/comments?post=8266"}],"version-history":[{"count":1,"href":"https:\/\/christusnews.de\/site\/wp-json\/wp\/v2\/posts\/8266\/revisions"}],"predecessor-version":[{"id":8267,"href":"https:\/\/christusnews.de\/site\/wp-json\/wp\/v2\/posts\/8266\/revisions\/8267"}],"wp:featuredmedia":[{"embeddable":true,"href":"https:\/\/christusnews.de\/site\/wp-json\/wp\/v2\/media\/8254"}],"wp:attachment":[{"href":"https:\/\/christusnews.de\/site\/wp-json\/wp\/v2\/media?parent=8266"}],"wp:term":[{"taxonomy":"category","embeddable":true,"href":"https:\/\/christusnews.de\/site\/wp-json\/wp\/v2\/categories?post=8266"},{"taxonomy":"post_tag","embeddable":true,"href":"https:\/\/christusnews.de\/site\/wp-json\/wp\/v2\/tags?post=8266"}],"curies":[{"name":"wp","href":"https:\/\/api.w.org\/{rel}","templated":true}]}}