{"id":8291,"date":"2017-10-27T12:20:00","date_gmt":"2017-10-27T10:20:00","guid":{"rendered":"http:\/\/christusnews.de\/site\/pflegekritiker-fordert-politische-streiks-an-krankenhaeusern\/"},"modified":"2017-10-27T12:20:00","modified_gmt":"2017-10-27T10:20:00","slug":"pflegekritiker-fordert-politische-streiks-an-krankenhaeusern","status":"publish","type":"post","link":"https:\/\/christusnews.de\/site\/pflegekritiker-fordert-politische-streiks-an-krankenhaeusern\/","title":{"rendered":"Pflegekritiker fordert politische Streiks an Krankenh\u00e4usern"},"content":{"rendered":"<p>Hildesheim (epd). Alexander Jorde, der es im Bundestagswahlkampf zu einem der profiliertesten Pflegekritiker gebracht hat, fordert zu politischen Streiks an Krankenh\u00e4usern auf. Damit solle Druck f\u00fcr besser Arbeitsbedingungen gemacht werden, schrieb er in einem Gastbeitrag f\u00fcr epd sozial, einer Fachpublikation des Evangelischen Pressedienstes (epd). \u00abTretet endlich in Gewerkschaften und Kammern ein und lasst uns gemeinsam dieses Land wachr\u00fctteln\u00bb, rief der 21-j\u00e4hrige Pflegesch\u00fcler aus Hildesheim seine Kollegen auf. Er beklagte eine fehlende Lobby f\u00fcr die Pflege.<\/p>\n<p>Um den Pflegenotstand zu beseitigen, seien ein starker Berufsverband und eine starke gewerkschaftliche Vertretung erforderlich, betonte Jorde, der im September in der ARD-Sendung \u00abWahlarena\u00bb mit kritischen Fragen an Kanzlerin Angela Merkel (CDU) f\u00fcr Aufsehen gesorgt hatte. \u00abDa m\u00fcssen wir uns selbst mal in den Allerwertesten treten, jammern hilft nicht\u00bb, appelliert er an die Pflegekr\u00e4fte in Deutschland. Der Nachwuchspfleger erhofft sich von \u00abpolitischen Streiks an allen Krankenh\u00e4usern\u00bb Wirkung: \u00abWie schnell da auf einmal Mittel f\u00fcr die Pflege bereitstehen w\u00fcrden!\u00bb<\/p>\n<p>Der \u00abkatastrophale Pflegenotstand\u00bb lasse sich mit Zahlen belegen:<br \/>Im Schnitt versorge eine Pflegefachkraft in deutschen Krankenh\u00e4usern 13 Patienten. In einer Nachtschicht versorgten zwei Drittel der Pflegefachkr\u00e4fte eine ganze Station alleine und betreuen dabei durchschnittlich 26 Patienten. Noch dramatischer sei die Situation in Altenheimen. Dort seien es nach offiziellen Zahlen im Schnitt pro Nacht 52 Patienten, die von einer Fachkraft betreut werden. \u00abDiese Zust\u00e4nde erm\u00f6glichen keine menschenw\u00fcrdige Versorgung\u00bb, erkl\u00e4rte Jorde.<\/p>\n<p>Die Personalnot ist f\u00fcr den Auszubildenden \u00abeiner der gravierendsten M\u00e4ngel\u00bb. Es w\u00fcrden dringend verbindliche Patienten-Pflegefachkraft-Schl\u00fcssel in allen Bereichen des Krankenhauses ben\u00f6tigt, so Jorde. Andernfalls werde \u00abder Tod vieler Pflegebed\u00fcrftiger billigend in Kauf genommen: durch unterlassene Hilfen, Verletzung der Aufsichtspflicht und vieles mehr\u00bb.<\/p>\n<p>Um eine bessere Personalausstattung auch bezahlen zu k\u00f6nnen, fordert Jorde eine \u00abKomplett\u00fcberholung\u00bb der Finanzierung der Pflege sowie des gesamten Gesundheitssystems. \u00abEs gibt weit \u00fcber 100 gesetzliche Krankenversicherungen. Allein der Verwaltungsapparat verschlingt Millionen.\u00bb Jorde sieht die L\u00f6sung in einer B\u00fcrgerversicherung, in die alle einzahlen.<\/p>\n<p>Au\u00dferdem st\u00f6rt sich Jorde an privaten Krankenh\u00e4ustr\u00e4gern. Denn hier w\u00fcrden die Gewinne zu einem gro\u00dfen Teil nicht reinvestiert, sondern an private Aktion\u00e4re ausgesch\u00fcttet. \u00abDas hei\u00dft: Geld, das eigentlich f\u00fcr die Versorgung Kranker und Pflegebed\u00fcrftiger gedacht ist, landet in privaten Taschen.\u00bb<br \/>\nSource: Kirche-Oldenburg<\/p>\n","protected":false},"excerpt":{"rendered":"<p>Hildesheim (epd). Alexander Jorde, der es im Bundestagswahlkampf zu einem der profiliertesten Pflegekritiker gebracht hat, fordert zu politischen Streiks an Krankenh\u00e4usern auf. Damit solle Druck f\u00fcr besser Arbeitsbedingungen gemacht werden, schrieb er in einem Gastbeitrag f\u00fcr epd sozial, einer Fachpublikation des Evangelischen Pressedienstes (epd). \u00abTretet endlich in Gewerkschaften und Kammern ein und lasst uns gemeinsam dieses Land wachr\u00fctteln\u00bb, rief der 21-j\u00e4hrige Pflegesch\u00fcler aus Hildesheim seine Kollegen auf. Er beklagte eine fehlende Lobby f\u00fcr die Pflege. Um den Pflegenotstand zu beseitigen, seien ein starker Berufsverband und eine starke gewerkschaftliche Vertretung erforderlich, betonte Jorde, der im September in der ARD-Sendung \u00abWahlarena\u00bb mit&#8230;<\/p>\n","protected":false},"author":7,"featured_media":0,"comment_status":"false","ping_status":"open","sticky":false,"template":"","format":"standard","meta":{"footnotes":""},"categories":[43],"tags":[44],"class_list":["post-8291","post","type-post","status-publish","format-standard","hentry","category-kirche-oldenburg","tag-kirche-oldenburg"],"_links":{"self":[{"href":"https:\/\/christusnews.de\/site\/wp-json\/wp\/v2\/posts\/8291","targetHints":{"allow":["GET"]}}],"collection":[{"href":"https:\/\/christusnews.de\/site\/wp-json\/wp\/v2\/posts"}],"about":[{"href":"https:\/\/christusnews.de\/site\/wp-json\/wp\/v2\/types\/post"}],"author":[{"embeddable":true,"href":"https:\/\/christusnews.de\/site\/wp-json\/wp\/v2\/users\/7"}],"replies":[{"embeddable":true,"href":"https:\/\/christusnews.de\/site\/wp-json\/wp\/v2\/comments?post=8291"}],"version-history":[{"count":0,"href":"https:\/\/christusnews.de\/site\/wp-json\/wp\/v2\/posts\/8291\/revisions"}],"wp:attachment":[{"href":"https:\/\/christusnews.de\/site\/wp-json\/wp\/v2\/media?parent=8291"}],"wp:term":[{"taxonomy":"category","embeddable":true,"href":"https:\/\/christusnews.de\/site\/wp-json\/wp\/v2\/categories?post=8291"},{"taxonomy":"post_tag","embeddable":true,"href":"https:\/\/christusnews.de\/site\/wp-json\/wp\/v2\/tags?post=8291"}],"curies":[{"name":"wp","href":"https:\/\/api.w.org\/{rel}","templated":true}]}}