{"id":8893,"date":"2018-01-27T17:36:00","date_gmt":"2018-01-27T16:36:00","guid":{"rendered":"http:\/\/christusnews.de\/site\/synode-waehlt-pfarrer-thomas-adomeit-zum-nebenamtlichen-oberkirchenrat\/"},"modified":"2018-01-27T17:36:00","modified_gmt":"2018-01-27T16:36:00","slug":"synode-waehlt-pfarrer-thomas-adomeit-zum-nebenamtlichen-oberkirchenrat","status":"publish","type":"post","link":"https:\/\/christusnews.de\/site\/synode-waehlt-pfarrer-thomas-adomeit-zum-nebenamtlichen-oberkirchenrat\/","title":{"rendered":"Synode w\u00e4hlt Pfarrer Thomas Adomeit zum nebenamtlichen Oberkirchenrat"},"content":{"rendered":"<p>In einem Gemeindegottesdienst im Anschluss an die au\u00dferordentliche Tagung der Synode der Ev.-Luth. Kirche in Oldenburg wurde Pfarrer Thomas Adomeit am Samstagabend, 27. Januar, als nebenamtliches Mitglied des Oberkirchenrates in sein Amt eingef\u00fchrt.<\/p>\n<p>Bei der Einf\u00fchrung w\u00fcnschte Pfarrer Jan Janssen, Vertreter im Bischofsamt, Pfarrer Thomas Adomeit den \u201eSegen unseres mitgehenden Gottes\u201c sowie die hellwache, aufmerksame und solidarische Unterst\u00fctzung der Synode und der oldenburgischen Kirche insgesamt. In dem besonderen Mandat als Vertreter im Bischofsamt gehe es um eine \u201eVielfalt der Bez\u00fcge, um das Verbundensein mit allen, das Netzwerk mit vielen Gesichtern und den Gefilden von Oldenburg und umzu\u201c. Dazu brauche es Gaben der Kommunikation, des Zusammenhaltens und der Verkn\u00fcpfung, die Adomeit mit auf den Weg gegeben seien, so Janssen. Er dankte Adomeit ausdr\u00fccklich, dass er diese Gaben schon bisher in beispielhafter Weise eingebracht und fruchtbar gemacht habe. <\/p>\n<p>Auf der au\u00dferordentlichen Tagung am Samstag hatte die 48. Synode der Ev.-Luth. Kirche in Oldenburg Pfarrer Thomas Adomeit zum nebenamtlichen Oberkirchenrat gew\u00e4hlt. Pfarrer Adomeit (47) \u00fcbernimmt ab 1. Februar die Vertretung im Bischofsamt der oldenburgischen Kirche bis zum Amtsantritt einer Nachfolgerin oder eines Nachfolgers von Bischof Jan Janssen. Die Stelle ist l\u00e4ngstens f\u00fcr die Dauer von zwei Jahren beschr\u00e4nkt.<br \/>&nbsp;&nbsp; <br \/>Nach dem Oberkirchenratsgesetz der oldenburgischen Kirche k\u00f6nnen Theologen und Theologinnen und Nichttheologen und Nichttheologinnen \u201ebei Bedarf und gem\u00e4\u00df des Stellenplans zur Wahrnehmung von einzelnen Aufgaben oder Referaten im Oberkirchenrat zu nebenamtlichen Mitgliedern des Oberkirchenrates berufen werden\u201c. Sie sind in ihrer Mitwirkung an den Aufgaben des Oberkirchenrates den hauptamtlichen Mitgliedern gleichgestellt. <br \/>&nbsp;&nbsp; <br \/>Thomas Adomeit bedankte sich f\u00fcr das ihm entgegengebrachte Vertrauen und die gro\u00dfe Zustimmung zu seiner Wahl. Zudem dankte er den Synodalen f\u00fcr die intensive Diskussion zu m\u00f6glichen \u00c4nderungen am Bischofsgesetz im nicht\u00f6ffentlichen Teil der Tagung, die deutlich gemacht habe, wie sehr ihnen die Ev.-Luth. Kirche in Oldenburg am Herzen liege. Mit einer solchen Haltung und Kultur k\u00f6nnten gute und tragf\u00e4hige Ergebnisse f\u00fcr die oldenburgischen Kirche erzielt werden. Dabei mitzuwirken, m\u00fcsse ihn daher nicht \u00e4ngstigen, auch wenn das Ringen um die Prozesse, die im Moment priorit\u00e4r liefen, die Kirche sehr ver\u00e4ndern k\u00f6nnten und deswegen sicher nicht einfach w\u00fcrden.<br \/>&nbsp;&nbsp; <br \/>F\u00fcr die aktuelle Suche nach einer neuen Bisch\u00f6fin oder eines neuen Bischofs wird die Synode keine rechtlichen Ver\u00e4nderungen vornehmen. Eine \u00dcberarbeitung des Bischofsgesetzes, die beispielsweise auch eine zeitliche Befristung des Bischofsamtes beinhalten k\u00f6nnte, w\u00fcrde die Suche nach einer Nachfolge nur zeitlich verz\u00f6gern und beschweren, so die mehrheitliche Auffassung der Synode, die diese Frage im nicht-\u00f6ffentlichen Teil der Tagung behandelte. Dennoch soll eine \u00dcberarbeitung in Auftrag gegeben werden, da die oldenburgische Kirche zu den letzten vier Kirchen innerhalb der Evangelischen Kirche in Deutschland (EKD) geh\u00f6re, die ein lebenslanges Dienstverh\u00e4ltnis f\u00fcr das Bischofsamt vorsehe. <br \/>&nbsp;&nbsp; <br \/>Die Synode beauftragte deshalb den Oberkirchenrat, bis sp\u00e4testens zur 7. Tagung der 49. Synode (im Mai 2023) ein \u00fcberarbeitetes Bischofsgesetz sowie eine \u00dcberarbeitung des Kirchengesetzes \u00fcber die Dienstverh\u00e4ltnisse der Mitglieder des Oberkirchenrates und der Beamten der Ev.-Luth. Kirche in Oldenburg zur Beratung und Beschlussfassung vorzulegen.<br \/>&nbsp;&nbsp; <br \/>Unter dem Vorsitz von Synodenpr\u00e4sidentin Sabine Bl\u00fctchen wird sich nun der Wahlausschuss auf die Suche nach m\u00f6glichen Kandidatinnen und Kandidaten begeben. Dem Wahlausschuss geh\u00f6ren zwei theologische und f\u00fcnf nicht theologische gew\u00e4hlte Mitglieder der Synode sowie zwei von der Pfarrervertretung benannte ordinierte Mitglieder an. Der Wahlausschuss soll f\u00fcr die Bischofswahl nicht mehr als drei Kandidatinnen\/Kandidaten benennen und auch der Oberkirchenrat kann eine Kandidatin\/einen Kandidaten vorschlagen. <br \/>&nbsp;&nbsp; <br \/>Bereits auf der Synodentagung im November vergangenen Jahres hatte die Vorsitzende des Wahlvorbereitungsausschusses, Synodenpr\u00e4sidentin Sabine Bl\u00fctchen, berichtet, dass die Amtszeit von Oberkirchenr\u00e4tin Annette-Christine Lenk als hauptamtliches theologisches Mitgliedes des Oberkirchenrates am 31. M\u00e4rz 2019 ende. Die Aussprache \u00fcber das weitere Verfahren wurde im November unter Eindruck des Amtsverzichtes von Bischof Janssen auf die au\u00dferordentliche Synodentagung verschoben.<br \/>&nbsp;&nbsp; <br \/>Nach einer nicht\u00f6ffentlichen Aussprache beschloss die Synode in geheimer Abstimmung die Stelle einer theologischen Oberkirchenr\u00e4tin bzw. eines theologischen Oberkirchenrates auszuschreiben. Der Wahlvorbereitungsausschuss wurde gebeten, das Verfahren zur Wahl eines hauptamtlichen theologischen Mitgliedes des Oberkirchenrates fortzusetzen. Im Fall der Wahl oder Wiederwahl beschloss die Synode, dass die Berufung einer Theologin\/eines Theologen in ein \u00f6ffentlich-rechtliches Dienst- und Treueverh\u00e4ltnis auf Zeit und f\u00fcr die Dauer von zehn Jahren erfolgen soll. <br \/>&nbsp;&nbsp; <br \/>Die oldenburgische Kirche stehe vor ganz entscheidenden Weichenstellungen in diesem Jahr, sagte Synodenpr\u00e4sidentin Sabine Bl\u00fctchen. Das betreffe sowohl die Wahl einer neuen Bisch\u00f6fin oder eines neuen Bischofs, aber auch Entscheidungen mit Blick auf die Priorit\u00e4ten, die strukturelle Aufstellung und die organisatorische Ausrichtung. Vor diesem Hintergrund verstehe sie auch die Entscheidung, die Stelle des hauptamtlichen theologischen Mitglieds des Oberkirchenrates auszuschreiben. Darin sehe sie den Wunsch der Synodalen, &quot;sich grunds\u00e4tzlich alle Optionen \u2013 auch die einer Neuausrichtung \u2013 offenzuhalten.&quot; Bl\u00fctchen betonte, dass Oberkirchenr\u00e4tin Lenk automatisch an diesem Wahlverfahren teilnehme.<\/p>\n<p>Weitere Informationen finden Sie auf der Synodenseite.<br \/>\nSource: Kirche-Oldenburg<\/p>\n","protected":false},"excerpt":{"rendered":"<p>In einem Gemeindegottesdienst im Anschluss an die au\u00dferordentliche Tagung der Synode der Ev.-Luth. Kirche in Oldenburg wurde Pfarrer Thomas Adomeit am Samstagabend, 27. Januar, als nebenamtliches Mitglied des Oberkirchenrates in sein Amt eingef\u00fchrt. Bei der Einf\u00fchrung w\u00fcnschte Pfarrer Jan Janssen, Vertreter im Bischofsamt, Pfarrer Thomas Adomeit den \u201eSegen unseres mitgehenden Gottes\u201c sowie die hellwache, aufmerksame und solidarische Unterst\u00fctzung der Synode und der oldenburgischen Kirche insgesamt. In dem besonderen Mandat als Vertreter im Bischofsamt gehe es um eine \u201eVielfalt der Bez\u00fcge, um das Verbundensein mit allen, das Netzwerk mit vielen Gesichtern und den Gefilden von Oldenburg und umzu\u201c. Dazu brauche es&#8230;<\/p>\n","protected":false},"author":7,"featured_media":0,"comment_status":"false","ping_status":"open","sticky":false,"template":"","format":"standard","meta":{"footnotes":""},"categories":[43],"tags":[44],"class_list":["post-8893","post","type-post","status-publish","format-standard","hentry","category-kirche-oldenburg","tag-kirche-oldenburg"],"_links":{"self":[{"href":"https:\/\/christusnews.de\/site\/wp-json\/wp\/v2\/posts\/8893","targetHints":{"allow":["GET"]}}],"collection":[{"href":"https:\/\/christusnews.de\/site\/wp-json\/wp\/v2\/posts"}],"about":[{"href":"https:\/\/christusnews.de\/site\/wp-json\/wp\/v2\/types\/post"}],"author":[{"embeddable":true,"href":"https:\/\/christusnews.de\/site\/wp-json\/wp\/v2\/users\/7"}],"replies":[{"embeddable":true,"href":"https:\/\/christusnews.de\/site\/wp-json\/wp\/v2\/comments?post=8893"}],"version-history":[{"count":0,"href":"https:\/\/christusnews.de\/site\/wp-json\/wp\/v2\/posts\/8893\/revisions"}],"wp:attachment":[{"href":"https:\/\/christusnews.de\/site\/wp-json\/wp\/v2\/media?parent=8893"}],"wp:term":[{"taxonomy":"category","embeddable":true,"href":"https:\/\/christusnews.de\/site\/wp-json\/wp\/v2\/categories?post=8893"},{"taxonomy":"post_tag","embeddable":true,"href":"https:\/\/christusnews.de\/site\/wp-json\/wp\/v2\/tags?post=8893"}],"curies":[{"name":"wp","href":"https:\/\/api.w.org\/{rel}","templated":true}]}}