{"id":9035,"date":"2018-02-21T08:34:00","date_gmt":"2018-02-21T07:34:00","guid":{"rendered":"http:\/\/christusnews.de\/site\/bangemachen-gilt-nicht-und-mehr\/"},"modified":"2018-02-21T08:34:00","modified_gmt":"2018-02-21T07:34:00","slug":"bangemachen-gilt-nicht-und-mehr","status":"publish","type":"post","link":"https:\/\/christusnews.de\/site\/bangemachen-gilt-nicht-und-mehr\/","title":{"rendered":"\u201eBangemachen gilt nicht\u201c und mehr"},"content":{"rendered":"<p>Zu \u00fcber zwanzig Veranstaltungen l\u00e4dt die Evangelische Akademie Oldenburg wieder ein: Tagungen, Vortr\u00e4ge, Filme und Diskussionen r\u00fccken in diesem Halbjahr Themen und Problemlagen des sozial\u00f6kologischen und -\u00f6konomischen Wandels und der Friedensf\u00e4higkeit in Kirche und Gesellschaft ins Zentrum. <br \/>&nbsp; <br \/>\u201eBangemachen gilt nicht\u201c so der Titel einer Tagung und Poetry Slam Gala. Lassen wir uns nicht beschr\u00e4nken und abschrecken, sondern mutig nach anderen Wegen suchen, unser Leben und unsere Gesellschaft zu gestalten. Unter anderem mit der ungarischen Philosophin \u00c0gnes Heller und der deutschen Soziologin Frigga Haug wollen wir uns auf diesen Weg begeben.<br \/>\n&nbsp; <br \/>Mit der Veranstaltungsreihe \u201eZwischen den Zeiten \u2013 Krisis der Moderne\u201c erinnert die Evangelische Akademie an die mit dem 1. Weltkrieg entfachte Krise und die Folgen. <br \/>&nbsp; <br \/>Wie immer will die Evangelische Akademie mit ihren Veranstaltungen die unverbr\u00fcchliche Verhei\u00dfung biblischer \u00dcberlieferung von Frieden und Gerechtigkeit in den notwendigen Auseinandersetzungen sp\u00fcrbar und sichtbar werden lassen.<br \/>\n&nbsp; <br \/>Weitere Informationen zum Fr\u00fchjahrsprogramm: www.akademie-oldenburg.de.<br \/>\nSource: Kirche-Oldenburg<\/p>\n","protected":false},"excerpt":{"rendered":"<p>Zu \u00fcber zwanzig Veranstaltungen l\u00e4dt die Evangelische Akademie Oldenburg wieder ein: Tagungen, Vortr\u00e4ge, Filme und Diskussionen r\u00fccken in diesem Halbjahr Themen und Problemlagen des sozial\u00f6kologischen und -\u00f6konomischen Wandels und der Friedensf\u00e4higkeit in Kirche und Gesellschaft ins Zentrum. &nbsp; \u201eBangemachen gilt nicht\u201c so der Titel einer Tagung und Poetry Slam Gala. Lassen wir uns nicht beschr\u00e4nken und abschrecken, sondern mutig nach anderen Wegen suchen, unser Leben und unsere Gesellschaft zu gestalten. Unter anderem mit der ungarischen Philosophin \u00c0gnes Heller und der deutschen Soziologin Frigga Haug wollen wir uns auf diesen Weg begeben. &nbsp; Mit der Veranstaltungsreihe \u201eZwischen den Zeiten \u2013 Krisis&#8230;<\/p>\n","protected":false},"author":7,"featured_media":0,"comment_status":"false","ping_status":"open","sticky":false,"template":"","format":"standard","meta":{"footnotes":""},"categories":[43],"tags":[44],"class_list":["post-9035","post","type-post","status-publish","format-standard","hentry","category-kirche-oldenburg","tag-kirche-oldenburg"],"_links":{"self":[{"href":"https:\/\/christusnews.de\/site\/wp-json\/wp\/v2\/posts\/9035","targetHints":{"allow":["GET"]}}],"collection":[{"href":"https:\/\/christusnews.de\/site\/wp-json\/wp\/v2\/posts"}],"about":[{"href":"https:\/\/christusnews.de\/site\/wp-json\/wp\/v2\/types\/post"}],"author":[{"embeddable":true,"href":"https:\/\/christusnews.de\/site\/wp-json\/wp\/v2\/users\/7"}],"replies":[{"embeddable":true,"href":"https:\/\/christusnews.de\/site\/wp-json\/wp\/v2\/comments?post=9035"}],"version-history":[{"count":0,"href":"https:\/\/christusnews.de\/site\/wp-json\/wp\/v2\/posts\/9035\/revisions"}],"wp:attachment":[{"href":"https:\/\/christusnews.de\/site\/wp-json\/wp\/v2\/media?parent=9035"}],"wp:term":[{"taxonomy":"category","embeddable":true,"href":"https:\/\/christusnews.de\/site\/wp-json\/wp\/v2\/categories?post=9035"},{"taxonomy":"post_tag","embeddable":true,"href":"https:\/\/christusnews.de\/site\/wp-json\/wp\/v2\/tags?post=9035"}],"curies":[{"name":"wp","href":"https:\/\/api.w.org\/{rel}","templated":true}]}}