{"id":9037,"date":"2018-02-21T07:56:00","date_gmt":"2018-02-21T06:56:00","guid":{"rendered":"http:\/\/christusnews.de\/site\/mit-langem-atem-gegen-rechtsextreme-pastor-wilfried-manneke-wird-mit-paul-spiegel-preis-fuer-zivilcourage-geehrt\/"},"modified":"2018-02-21T07:56:00","modified_gmt":"2018-02-21T06:56:00","slug":"mit-langem-atem-gegen-rechtsextreme-pastor-wilfried-manneke-wird-mit-paul-spiegel-preis-fuer-zivilcourage-geehrt","status":"publish","type":"post","link":"https:\/\/christusnews.de\/site\/mit-langem-atem-gegen-rechtsextreme-pastor-wilfried-manneke-wird-mit-paul-spiegel-preis-fuer-zivilcourage-geehrt\/","title":{"rendered":"Mit langem Atem gegen Rechtsextreme &#8211; Pastor Wilfried Manneke wird mit Paul-Spiegel-Preis f\u00fcr Zivilcourage geehrt"},"content":{"rendered":"<p>Mut und Beharrlichkeit bescheinigt der Zentralrat der Juden in Deutschland Wilfried Manneke. Trotz pers\u00f6nlicher Anfeindungen setzt sich der Pastor seit Jahren gegen Rechtsextremismus ein. Daf\u00fcr zeichnet ihn der Zentralrat jetzt aus.<\/p>\n<p>Unterl\u00fc\u00df\/Kr. Celle\/Berlin (epd). Wilfried Manneke l\u00e4sst sich nicht einsch\u00fcchtern. Immer wieder geht der 64-J\u00e4hrige auf die Stra\u00dfe, um gegen Umtriebe von Neonazis zu demonstrieren. In der s\u00fcdlichen L\u00fcneburger Heide, wo er evangelischer Pastor ist, kommen regelm\u00e4\u00dfig Rechtsextremisten zu Treffen zusammen. Manneke hat einen langen Atem, wenn es darum geht, das nicht einfach hinzunehmen. Er geh\u00f6rt zu den Kirchenvertretern in Deutschland, die sich prominent positionieren und sich auch von Drohungen nicht abschrecken lassen. Daf\u00fcr zeichnet ihn der Zentralrat der Juden in Deutschland in diesem Jahr mit seinem mit 5.000 Euro dotiertem Paul-Spiegel-Preis f\u00fcr Zivilcourage aus.<\/p>\n<p>Bevor Manneke 1995 in die Heide kam, war er 13 Jahre lang als Auslandspastor der Evangelischen Kirche in Deutschland (EKD) in S\u00fcdafrika &#8211; noch unter dem System der Rassentrennung. Das hat ihn gepr\u00e4gt. \u00abIch habe erlebt, was eine menschenfeindliche Ideologie anrichten kann. Rassismus spaltet die Gesellschaft\u00bb, sagt er. \u00abDas hat mich sensibel gemacht.\u00bb<\/p>\n<p>In Hetendorf nahe seiner Gemeinde Unterl\u00fc\u00df betrieb bis 1998 der rechtsextreme Anwalt J\u00fcrgen Rieger ein Schulungszentrum. Manneke schloss sich gleich nach seiner R\u00fcckkehr nach Deutschland den Protesten gegen dieses \u00abHeideheim\u00bb an. Auch als der NPD-Funktion\u00e4r Rieger vor seinem Tod 2009 im nahe gelegenen Fa\u00dfberg erneut einen solchen Treffpunkt plante, war Manneke unter denen, die sich beharrlich dagegenstellten.<\/p>\n<p>Bis heute demonstriert er regelm\u00e4\u00dfig, wenn im Heideort Eschede der Landwirt Joachim Nahtz die rechte Szene auf seinen Hof l\u00e4dt. \u00abWir d\u00fcrfen es nicht einfach im Raum stehenlassen, wenn antisemitische und fremdenfeindliche Ideologien verbreitet werden\u00bb, betont Manneke. \u00abWir leben hier mit den Nazis T\u00fcr an T\u00fcr\u00bb, sagt er. \u00abSie kommen nicht nur zu Aufm\u00e4rschen zusammen. Sie leben unter uns.\u00bb<\/p>\n<p>Gemeinsam mit anderen hat er das \u00abNetzwerk S\u00fcdheide gegen Rechtsextremismus\u00bb gegr\u00fcndet. Erst k\u00fcrzlich wurde er zum Vorsitzenden der Initiative \u00abKirche f\u00fcr Demokratie &#8211; gegen Rechtsextremismus\u00bb gew\u00e4hlt, zu der sich in der hannoverschen Landeskirche Einzelpersonen und Organisationen zusammengeschlossen haben.<\/p>\n<p>Auch als vor gut sechs Jahren sein damals sechsj\u00e4hriger Sohn am Morgen Brandspuren an der T\u00fcr des Pfarrhauses entdeckte und dort ein Molotow-Cocktail lag, lie\u00df sich der Pastor nicht einsch\u00fcchtern. Immer wieder findet er Hakenkreuz-Schmierereien am Baum oder der Stra\u00dfenlaterne vor dem Haus. Auf Internet-Portalen hetzen Rechtsextreme gegen ihn. Die Drohungen seien weniger geworden, sagt er. \u00abAber sie haben nicht aufgeh\u00f6rt.\u00bb<\/p>\n<p>Manneke ist beharrlich in seinen Positionen. Er setzt sich f\u00fcr Fl\u00fcchtlinge ein und spricht sich in Friedensgottesdiensten gegen Waffenlieferungen in Krisengebiete aus. In Unterl\u00fc\u00df, wo der R\u00fcstungskonzern Rheinmetall einen Sitz hat, macht er sich damit nicht nur Freunde. Nachdem vor gut zwei Jahren seine Gemeinde einem stark traumatisierten Mann aus Eritrea Kirchenasyl gew\u00e4hrt hatte, zeigten gleich zwei M\u00e4nner den Pastor an. Das Verfahren wurde gegen eine Geldauflage eingestellt.<\/p>\n<p>Manneke, der auch Vorsitzender des Kirchenkreistages in Celle ist, will auch sp\u00e4ter im Ruhestand in der Region bleiben. Und eines ist f\u00fcr ihn sicher: \u00abIch habe vor, mich dann weiter einzusetzen.\u00bb<br \/>\nSource: Kirche-Oldenburg<\/p>\n","protected":false},"excerpt":{"rendered":"<p>Mut und Beharrlichkeit bescheinigt der Zentralrat der Juden in Deutschland Wilfried Manneke. Trotz pers\u00f6nlicher Anfeindungen setzt sich der Pastor seit Jahren gegen Rechtsextremismus ein. Daf\u00fcr zeichnet ihn der Zentralrat jetzt aus. Unterl\u00fc\u00df\/Kr. Celle\/Berlin (epd). Wilfried Manneke l\u00e4sst sich nicht einsch\u00fcchtern. Immer wieder geht der 64-J\u00e4hrige auf die Stra\u00dfe, um gegen Umtriebe von Neonazis zu demonstrieren. In der s\u00fcdlichen L\u00fcneburger Heide, wo er evangelischer Pastor ist, kommen regelm\u00e4\u00dfig Rechtsextremisten zu Treffen zusammen. Manneke hat einen langen Atem, wenn es darum geht, das nicht einfach hinzunehmen. Er geh\u00f6rt zu den Kirchenvertretern in Deutschland, die sich prominent positionieren und sich auch von Drohungen&#8230;<\/p>\n","protected":false},"author":7,"featured_media":0,"comment_status":"false","ping_status":"open","sticky":false,"template":"","format":"standard","meta":{"footnotes":""},"categories":[43],"tags":[44],"class_list":["post-9037","post","type-post","status-publish","format-standard","hentry","category-kirche-oldenburg","tag-kirche-oldenburg"],"_links":{"self":[{"href":"https:\/\/christusnews.de\/site\/wp-json\/wp\/v2\/posts\/9037","targetHints":{"allow":["GET"]}}],"collection":[{"href":"https:\/\/christusnews.de\/site\/wp-json\/wp\/v2\/posts"}],"about":[{"href":"https:\/\/christusnews.de\/site\/wp-json\/wp\/v2\/types\/post"}],"author":[{"embeddable":true,"href":"https:\/\/christusnews.de\/site\/wp-json\/wp\/v2\/users\/7"}],"replies":[{"embeddable":true,"href":"https:\/\/christusnews.de\/site\/wp-json\/wp\/v2\/comments?post=9037"}],"version-history":[{"count":0,"href":"https:\/\/christusnews.de\/site\/wp-json\/wp\/v2\/posts\/9037\/revisions"}],"wp:attachment":[{"href":"https:\/\/christusnews.de\/site\/wp-json\/wp\/v2\/media?parent=9037"}],"wp:term":[{"taxonomy":"category","embeddable":true,"href":"https:\/\/christusnews.de\/site\/wp-json\/wp\/v2\/categories?post=9037"},{"taxonomy":"post_tag","embeddable":true,"href":"https:\/\/christusnews.de\/site\/wp-json\/wp\/v2\/tags?post=9037"}],"curies":[{"name":"wp","href":"https:\/\/api.w.org\/{rel}","templated":true}]}}