{"id":9145,"date":"2018-03-10T15:56:22","date_gmt":"2018-03-10T14:56:22","guid":{"rendered":"http:\/\/christusnews.de\/site\/?p=9145"},"modified":"2018-03-10T15:57:04","modified_gmt":"2018-03-10T14:57:04","slug":"fuenf-fragen-an-imke-zwoch-bund-kreisgruppe-wilhelmshaven","status":"publish","type":"post","link":"https:\/\/christusnews.de\/site\/fuenf-fragen-an-imke-zwoch-bund-kreisgruppe-wilhelmshaven\/","title":{"rendered":"F\u00fcnf Fragen an Imke Zwoch, BUND Kreisgruppe Wilhelmshaven"},"content":{"rendered":"<p>F\u00fcnf <a href=\"https:\/\/rogatekloster.wordpress.com\/funf-fragen\/\" target=\"_blank\" rel=\"noopener\">Fragen<\/a>\u00a0des <a href=\"https:\/\/rogatekloster.wordpress.com\/2018\/03\/10\/fuenf-fragen-an-imke-zwoch-bund_net-kreisgruppe-wilhelmshaven-ueber-das-plastikfasten\/\">Rogate-Klosters<\/a> an Imke Zwoch, BUND Kreisgruppe Wilhelmshaven, \u00fcber das Plastikfasten, M\u00fcll in den Meeren und t\u00f6dliche Luftballon-Aktionen.<\/p>\n<div id=\"attachment_14561\" class=\"wp-caption alignright\" data-shortcode=\"caption\">\n<p><img loading=\"lazy\" decoding=\"async\" class=\"alignnone wp-image-14561\" src=\"https:\/\/rogatekloster.files.wordpress.com\/2018\/03\/2018-03-imke-zwoch.png?w=202&amp;h=203\" sizes=\"auto, (max-width: 202px) 100vw, 202px\" srcset=\"https:\/\/rogatekloster.files.wordpress.com\/2018\/03\/2018-03-imke-zwoch.png?w=202&amp;h=203 202w, https:\/\/rogatekloster.files.wordpress.com\/2018\/03\/2018-03-imke-zwoch.png?w=150&amp;h=150 150w, https:\/\/rogatekloster.files.wordpress.com\/2018\/03\/2018-03-imke-zwoch.png?w=298&amp;h=300 298w, https:\/\/rogatekloster.files.wordpress.com\/2018\/03\/2018-03-imke-zwoch.png 397w\" alt=\"2018 03 Imke Zwoch\" width=\"202\" height=\"203\" data-attachment-id=\"14561\" data-permalink=\"https:\/\/rogatekloster.wordpress.com\/2018\/03\/10\/fuenf-fragen-an-imke-zwoch-bund_net-kreisgruppe-wilhelmshaven-ueber-das-plastikfasten\/2018-03-imke-zwoch\/\" data-orig-file=\"https:\/\/rogatekloster.files.wordpress.com\/2018\/03\/2018-03-imke-zwoch.png?w=202&amp;h=203\" data-orig-size=\"397,399\" data-comments-opened=\"1\" data-image-meta=\"{&quot;aperture&quot;:&quot;0&quot;,&quot;credit&quot;:&quot;&quot;,&quot;camera&quot;:&quot;&quot;,&quot;caption&quot;:&quot;&quot;,&quot;created_timestamp&quot;:&quot;0&quot;,&quot;copyright&quot;:&quot;&quot;,&quot;focal_length&quot;:&quot;0&quot;,&quot;iso&quot;:&quot;0&quot;,&quot;shutter_speed&quot;:&quot;0&quot;,&quot;title&quot;:&quot;&quot;,&quot;orientation&quot;:&quot;0&quot;}\" data-image-title=\"2018 03 Imke Zwoch\" data-image-description=\"\" data-medium-file=\"https:\/\/rogatekloster.files.wordpress.com\/2018\/03\/2018-03-imke-zwoch.png?w=202&amp;h=203?w=298\" data-large-file=\"https:\/\/rogatekloster.files.wordpress.com\/2018\/03\/2018-03-imke-zwoch.png?w=202&amp;h=203?w=397\" \/><\/p>\n<p class=\"wp-caption-text\">Imke Zwoch (Bild: privat)<\/p>\n<\/div>\n<p>Imke Zwoch, geboren in Wilhelmshaven, studierte in Gie\u00dfen Agrarwissenschaften und Umweltsicherung. Sie\u00a0engagiert sich seit fr\u00fchester Jugend f\u00fcr den Schutz von Natur und Umwelt in ihrer Heimatstadt, aktuell ehrenamtlich im <a href=\"https:\/\/www.bund.net\/\" target=\"_blank\" rel=\"noopener\">BUND<\/a> (Bund f\u00fcr Umwelt und Naturschutz Deutschland) und in der Gruppe <a href=\"http:\/\/mst-hillmann.de\/jadewale\/\" target=\"_blank\" rel=\"noopener\">JadeWale<\/a>.<\/p>\n<p>Rogate-Frage: <strong>Frau Zwoch, Sie haben zu einem \u201ePlastikfasten\u201c aufgerufen. Was steckt dahinter?<\/strong><\/p>\n<blockquote><p>Imke Zwoch: <a href=\"https:\/\/www.bund.net\/chemie\/achtung-plastik\/plastikfasten\/\" target=\"_blank\" rel=\"noopener\">Plastikfasten<\/a> ist eine bundesweite Kampagne des BUND, die wir hier als Kreisgruppe des gro\u00dfen Umweltverbandes mit lokalem Bezug umsetzen.\u00a0Die Fastenzeit dient traditionell dazu, einige Wochen auf bestimmte Gewohnheiten zu verzichten, um den eigenen Alltag mal umzukrempeln und bewusster zu leben. Viele verzichten in dieser Phase zum Beispiel auf Fleisch, Alkohol oder S\u00fc\u00dfigkeiten. Unser immenser Plastikkonsum ist ebenfalls ein \u201eLaster\u201c, das wir hinterfragen m\u00fcssen. Kunststoffe verbrauchen in der Herstellung und in der Entsorgung wertvolle Ressourcen. Insbesondere bei Einweg-Artikeln ist das \u00f6kologisch wie \u00f6konomisch ein Wahnsinn.<\/p><\/blockquote>\n<p>Rogate-Frage: <strong>Wie genau kann Plastik gefastet werden?<\/strong><\/p>\n<blockquote><p>Imke Zwoch: Es geht darum, mit offenen Augen und kritischem Blick durch unsere Konsumwelt zu gehen und beim Einkauf und im eigenen Haushalt zu hinterfragen, ob und wozu ein Produkt eine Verpackung ben\u00f6tigt beziehungsweise aus Plastik besteht. Die Herausforderung besteht darin, m\u00f6glichst konsequent plastikfreie Alternativen zu bevorzugen. Gleichzeitig gilt es, das Thema Plastikfasten hartn\u00e4ckig zu kommunizieren \u2013 im Familien- und Freundeskreis, im Betrieb, in der Schule, in der <a href=\"http:\/\/www.wzonline.de\/nachrichten\/wilhelmshaven\/newsdetails-wilhelmshaven\/artikel\/plastikfasten-vor-ort-einkaufen-und-weniger-online-bestellen.html\" target=\"_blank\" rel=\"noopener\">Tageszeitung<\/a> und sozialen <a href=\"https:\/\/www.facebook.com\/126139637515941\/photos\/pb.126139637515941.-2207520000.1520679489.\/1232507453545815\/?type=3&amp;theater\" target=\"_blank\" rel=\"noopener\">Medien<\/a>. Und nat\u00fcrlich beim Einkaufen, mit den H\u00e4ndlern und anderen Kunden.<\/p>\n<p>Es geht nicht darum, von heute auf morgen zu 100 Prozent auf Plastik zu verzichten. Wenn man gute Vors\u00e4tze zu hoch ansetzt, ist das Scheitern programmiert. Jeden Tag eine Plastikfalle entdecken, das reicht schon aus. Und festzustellen, dass unsere Uroma im Haushalt mit Naturmaterialien \u00f6kologisch betrachtet viel weiter war, als wir es heute sind.<\/p>\n<p>Die Erkenntnis, wie sehr unser Leben in Plastik eingebettet ist, kann erschreckend sein. Aber auch belustigend, wenn man erkennt, wie die Verpackungsk\u00fcnstler uns \u00fcber den Tisch ziehen wollen. Kaffeekapseln oder \u201eQuetschies\u201c \u2013 diese winzigen Folienverpackungen mit Kinder-Smoothies oder anderem \u00fcberteuerten Inhalt \u2013 sind nur zwei Beispiele solcher absurden Ausw\u00fcchse angeblich praktischer Verpackungen.<\/p><\/blockquote>\n<p>Rogate-Frage: <strong>Warum sind Kunststoffe am und im Meer ein besonderes Thema?<\/strong><\/p>\n<blockquote><p>Imke Zwoch: Mittlerweile ist weithin bekannt, dass in unseren Ozeanen mehrere riesige Teppiche aus Plastikm\u00fcll schwimmen. J\u00e4hrlich sterben sch\u00e4tzungsweise eine Million V\u00f6gel und 100.000 Meeress\u00e4uger an den Folgen des Plastikm\u00fclls. Viele Tiere verhungern, weil ihr Magen voll ist mit unverdaulichen Plastik. Andere verenden, weil sie sich in Schn\u00fcren und Netzen verfangen. Am Ende der Nahrungskette kommt das Mikroplastik \u00fcber Fische oder Muscheln auf dem Teller zu uns zur\u00fcck.<\/p>\n<p>Wenn man an der Nordsee wohnt, f\u00e4llt einem das Problem buchst\u00e4blich jeden Tag vor die F\u00fc\u00dfe. Bei jedem Spaziergang wird mir bewusst, welch ein Geschenk es ist, am <a href=\"http:\/\/www.nationalpark-wattenmeer.de\/nds\" target=\"_blank\" rel=\"noopener\">Weltnaturerbe Wattenmeer<\/a> zu wohnen \u2013 und gleichzeitig st\u00f6\u00dft man alle paar Meter auf \u201eto-go\u201c-Becher, Plastikt\u00fcten, Flaschen, Zigarettenkippen, Reste von Fischernetzen und vieles mehr, das im Wasser schwimmt oder am Strand herumliegt. Das kann man als \u201eFischkopp\u201c nicht einfach hinnehmen!<\/p><\/blockquote>\n<p>Rogate-Frage: <strong>Sie kritisieren Ballon-Aktionen. Was ist hier das Problem?<\/strong><\/p>\n<blockquote><p>Imke Zwoch: Luftballons geh\u00f6ren zu den h\u00e4ufigsten Funden bei M\u00fcllsammelaktionen an der K\u00fcste oder auf den Inseln. Und in den M\u00e4gen von Meerestieren. Angeblich umweltfreundliche Ballons aus Naturkautschuk brauchen lange, um sich zu zersetzen, und enthalten zudem Weichmacher und andere Zusatzstoffe. Meist h\u00e4ngt das Plastikband noch dran. Wenn man Luftballon-Aktionen kritisiert, wird man oft als B\u00f6sewicht hingestellt, weil man angeblich Kindern den Spa\u00df nimmt.\u00a0Wir engagieren uns aber gerade deshalb, damit auch zuk\u00fcnftige Generationen noch Spa\u00df an der Natur haben \u2013 das wiegt mehr als der Spa\u00df f\u00fcr ein paar Minuten mit bunten Luftballons am Himmel. Deswegen muss man solche Kritik aushalten. Oftmals ist der Aufdruck einer Fast-Food-Kette oder einer Tourismusorganisation auf den Ballonresten noch zu erkennen. Dann hei\u00dft es: Ab die Post, mit Begleitschreiben \u2013 Annahme verweigert, zur\u00fcck an Absender, mit freundlichem Gru\u00df, Ihr Weltnaturerbe Wattenmeer.<\/p><\/blockquote>\n<p>Rogate-Frage: <strong>Sind die Meere noch zu retten oder ist bereits jetzt zu viel Micro- und Gro\u00dfplastik vorhanden?<\/strong><\/p>\n<blockquote><p>Imke Zwoch: Wer nicht k\u00e4mpft, hat schon verloren! Zun\u00e4chst gilt es, dass Bewusstsein der Menschen so zu ver\u00e4ndern, dass die Zufuhr von Plastik in unsere Weltmeere gestoppt wird. Unsere <a href=\"http:\/\/schlicktown.stadt-media.de\/event\/plastikfasten-2018\/\" target=\"_blank\" rel=\"noopener\">Plastikfasten<\/a>-Kampagne ist einer von vielen kleinen Bausteinen weltweit, um dieses Ziel zu erreichen: Global denken, lokal handeln. \u00dcberall gibt es Menschen, die sich an ihrem Heimatort daf\u00fcr einsetzen. In den letzten Wochen machte der Ort Penzance an der K\u00fcste von Cornwall von sich reden. Str\u00f6mungsbedingt landet dort sehr viel M\u00fcll am eigentlich malerischen Strand. Eine einzige Frau,\u00a0Rachel Yates, ergriff irgendwann die Initiative und hat nun die ganze Stadt hinter sich im Kampf gegen den Plastikm\u00fcll.<\/p>\n<p>Der Niederl\u00e4nder Boyan Slat gr\u00fcndete 2013, da war er gerade 18 Jahre alt, seine Firma \u201e<a href=\"https:\/\/www.theoceancleanup.com\/\" target=\"_blank\" rel=\"noopener\">The Ocean CleanUp<\/a>\u201c und sammelte \u00fcber Crowdfunding eine zweistellige Millionensumme an Spenden, um seine Idee zu verwirklichen. Mit riesigen Filteranlagen will er binnen f\u00fcnf Jahren den pazifischen M\u00fcllteppich um die H\u00e4lfte reduzieren. Ich meine, warum soll das nicht klappen? Jemand hatte mal die Vision, dass Menschen zum Mond fliegen. Er wurde verlacht und heute fliegen Menschen zum Mond und weiter. Wobei ich es wichtiger finde, den eigenen Planeten zu erhalten, bevor man nach neuen sucht.<\/p>\n<p>Das macht Hoffnung und gibt uns Mut und Energie, immer weiter zu machen.\u00a0Wir werden die jungen Menschen nicht im Stich lassen, die daf\u00fcr k\u00e4mpfen, eine lebendige Meereswelt zu erhalten, die auch dann noch existiert, wenn wir selbst l\u00e4ngst wieder Teil des gro\u00dfartigen Stoffkreislaufes unser Erde geworden sind.<\/p><\/blockquote>\n<p>Rogate: <strong>Vielen Dank, Frau Zwoch, f\u00fcr das Gespr\u00e4ch.<\/strong><\/p>\n<p>Weitere Freitagsfragen \u2013 und Antworten \u2013 finden Sie <a title=\"hier:\" href=\"https:\/\/rogatekloster.wordpress.com\/funf-fragen\/\" target=\"_blank\" rel=\"noopener\">hier<\/a>: <a title=\"Rogatekloster.de\" href=\"https:\/\/rogatekloster.wordpress.com\/funf-fragen\/\" target=\"_blank\" rel=\"noopener\">Rogatekloster.de<\/a><\/p>\n","protected":false},"excerpt":{"rendered":"<p>F\u00fcnf Fragen\u00a0des Rogate-Klosters an Imke Zwoch, BUND Kreisgruppe Wilhelmshaven, \u00fcber das Plastikfasten, M\u00fcll in den Meeren und t\u00f6dliche Luftballon-Aktionen. Imke Zwoch (Bild: privat) Imke Zwoch, geboren in Wilhelmshaven, studierte in Gie\u00dfen Agrarwissenschaften und Umweltsicherung. Sie\u00a0engagiert sich seit fr\u00fchester Jugend f\u00fcr den Schutz von Natur und Umwelt in ihrer Heimatstadt, aktuell ehrenamtlich im BUND (Bund f\u00fcr Umwelt und Naturschutz Deutschland) und in der Gruppe JadeWale. Rogate-Frage: Frau Zwoch, Sie haben zu einem \u201ePlastikfasten\u201c aufgerufen. Was steckt dahinter? Imke Zwoch: Plastikfasten ist eine bundesweite Kampagne des BUND, die wir hier als Kreisgruppe des gro\u00dfen Umweltverbandes mit lokalem Bezug umsetzen.\u00a0Die Fastenzeit dient traditionell&#8230;<\/p>\n","protected":false},"author":1,"featured_media":9146,"comment_status":"closed","ping_status":"open","sticky":false,"template":"","format":"standard","meta":{"footnotes":""},"categories":[43],"tags":[],"class_list":["post-9145","post","type-post","status-publish","format-standard","has-post-thumbnail","hentry","category-kirche-oldenburg"],"_links":{"self":[{"href":"https:\/\/christusnews.de\/site\/wp-json\/wp\/v2\/posts\/9145","targetHints":{"allow":["GET"]}}],"collection":[{"href":"https:\/\/christusnews.de\/site\/wp-json\/wp\/v2\/posts"}],"about":[{"href":"https:\/\/christusnews.de\/site\/wp-json\/wp\/v2\/types\/post"}],"author":[{"embeddable":true,"href":"https:\/\/christusnews.de\/site\/wp-json\/wp\/v2\/users\/1"}],"replies":[{"embeddable":true,"href":"https:\/\/christusnews.de\/site\/wp-json\/wp\/v2\/comments?post=9145"}],"version-history":[{"count":2,"href":"https:\/\/christusnews.de\/site\/wp-json\/wp\/v2\/posts\/9145\/revisions"}],"predecessor-version":[{"id":9148,"href":"https:\/\/christusnews.de\/site\/wp-json\/wp\/v2\/posts\/9145\/revisions\/9148"}],"wp:featuredmedia":[{"embeddable":true,"href":"https:\/\/christusnews.de\/site\/wp-json\/wp\/v2\/media\/9146"}],"wp:attachment":[{"href":"https:\/\/christusnews.de\/site\/wp-json\/wp\/v2\/media?parent=9145"}],"wp:term":[{"taxonomy":"category","embeddable":true,"href":"https:\/\/christusnews.de\/site\/wp-json\/wp\/v2\/categories?post=9145"},{"taxonomy":"post_tag","embeddable":true,"href":"https:\/\/christusnews.de\/site\/wp-json\/wp\/v2\/tags?post=9145"}],"curies":[{"name":"wp","href":"https:\/\/api.w.org\/{rel}","templated":true}]}}