{"id":9351,"date":"2018-03-10T14:48:00","date_gmt":"2018-03-10T13:48:00","guid":{"rendered":"http:\/\/christusnews.de\/site\/experte-fordert-konzertiertes-vorgehen-gegen-fachkraeftemangel\/"},"modified":"2018-03-10T14:48:00","modified_gmt":"2018-03-10T13:48:00","slug":"experte-fordert-konzertiertes-vorgehen-gegen-fachkraeftemangel","status":"publish","type":"post","link":"https:\/\/christusnews.de\/site\/experte-fordert-konzertiertes-vorgehen-gegen-fachkraeftemangel\/","title":{"rendered":"Experte fordert konzertiertes Vorgehen gegen Fachkr\u00e4ftemangel"},"content":{"rendered":"<p>Hannover (epd). Der hannoversche Pflegewissenschaftler Bernd Karow hat Politik, Krankenkassen und Pflegedienste aufgefordert, gemeinsam gegen den alarmierenden Fachkr\u00e4ftemangel in der ambulanten Kinderkrankenpflege vorzugehen. Zwar fehlten Fachkr\u00e4fte in allen Bereichen der Pflege. Aber in der Versorgung schwerstkranker Kinder zu Hause sei die Situation besonders schlimm \u2013 mit gravierenden Auswirkungen f\u00fcr die Familien, sagte Karow in einem Gespr\u00e4ch mit dem Evangelischen Pressedienst (epd). &quot;Die Eltern sind ohnehin hochbelastet, weil sie einen Gro\u00dfteil der Pflege&nbsp;\u2013 oft auch nachts \u2013 selbst leisten. Viele verzweifeln, wenn die ambulanten Dienste ihnen dann wegen Personalmangels absagen m\u00fcssen.&quot;<\/p>\n<p>In der ambulanten Pflege von Kindern k\u00f6nnten aufgrund der hohen Anforderungen ausschlie\u00dflich examinierte Kr\u00e4fte und keine Pflegehelfer eingesetzt werden, erl\u00e4uterte der Experte von der Qualit\u00e4tsgemeinschaft h\u00e4usliche Kinderkrankenpflege in Niedersachsen. Er ist zugleich Mitarbeiter im Netzwerk f\u00fcr die Versorgung schwer kranker Kinder und Jugendlicher. Auch Berufsanf\u00e4nger seien nur schwer einzusetzen, weil die Fachkr\u00e4fte in der Regel alleine in einer Eins-zu-eins-Betreuung in der Familie seien. Eine Begleitung durch erfahrene Kollegen werde von den Krankenkassen nicht bezahlt. Die schlechtere Bezahlung der Pflegekr\u00e4fte gegen\u00fcber denen in der station\u00e4ren Pflege versch\u00e4rfe die Situation zus\u00e4tzlich. <\/p>\n<p>Gleichzeitig steigt laut Karow der Bedarf an ambulanter Versorgung. Immer mehr Kinder, die mit schweren lebensbegrenzenden Erkrankungen geboren w\u00fcrden, \u00fcberlebten aufgrund guter medizinischer Versorgung und w\u00fcrden nach Hause entlassen. Viele Kinder h\u00e4tten auch eine deutlich l\u00e4ngere Lebenserwartung als urspr\u00fcnglich von den \u00c4rzten vorhergesagt. Zugleich wollten zahlreiche Eltern ihre Kinder bei sich zu Hause haben. Die Entwicklung neuer Ger\u00e4te erm\u00f6gliche es zudem bereits seit einigen Jahren, auch beatmete und rund um die Uhr zu \u00fcberwachende Kinder daheim zu versorgen. <\/p>\n<p>Eine Chance, die Situation langfristig zu verbessern, sieht Karow in einer konzertierten Aktion aller Beteiligten. Die Krankenkassen m\u00fcssten die Pfleges\u00e4tze f\u00fcr die ambulante Pflege der Kinder erh\u00f6hen, damit die Dienste ihre Mitarbeiter besser bezahlen k\u00f6nnten. Die ambulanten Dienste sollten ihr Leistungsspektrum erweitern und auch station\u00e4re Pl\u00e4tze vorhalten. Damit h\u00e4tten sie eine zus\u00e4tzliche Einnahmequelle, k\u00f6nnten selbst ausbilden und Berufsanf\u00e4nger leichter einarbeiten. Die Politik sollte die Pflegedienste dabei finanziell unterst\u00fctzen und Pilotprojekte initiieren.<br \/>\n&nbsp;&nbsp;<br \/>\nSource: Kirche-Oldenburg<\/p>\n","protected":false},"excerpt":{"rendered":"<p>Hannover (epd). Der hannoversche Pflegewissenschaftler Bernd Karow hat Politik, Krankenkassen und Pflegedienste aufgefordert, gemeinsam gegen den alarmierenden Fachkr\u00e4ftemangel in der ambulanten Kinderkrankenpflege vorzugehen. Zwar fehlten Fachkr\u00e4fte in allen Bereichen der Pflege. Aber in der Versorgung schwerstkranker Kinder zu Hause sei die Situation besonders schlimm \u2013 mit gravierenden Auswirkungen f\u00fcr die Familien, sagte Karow in einem Gespr\u00e4ch mit dem Evangelischen Pressedienst (epd). &quot;Die Eltern sind ohnehin hochbelastet, weil sie einen Gro\u00dfteil der Pflege&nbsp;\u2013 oft auch nachts \u2013 selbst leisten. Viele verzweifeln, wenn die ambulanten Dienste ihnen dann wegen Personalmangels absagen m\u00fcssen.&quot; In der ambulanten Pflege von Kindern k\u00f6nnten aufgrund der hohen&#8230;<\/p>\n","protected":false},"author":7,"featured_media":0,"comment_status":"false","ping_status":"open","sticky":false,"template":"","format":"standard","meta":{"footnotes":""},"categories":[43],"tags":[44],"class_list":["post-9351","post","type-post","status-publish","format-standard","hentry","category-kirche-oldenburg","tag-kirche-oldenburg"],"_links":{"self":[{"href":"https:\/\/christusnews.de\/site\/wp-json\/wp\/v2\/posts\/9351","targetHints":{"allow":["GET"]}}],"collection":[{"href":"https:\/\/christusnews.de\/site\/wp-json\/wp\/v2\/posts"}],"about":[{"href":"https:\/\/christusnews.de\/site\/wp-json\/wp\/v2\/types\/post"}],"author":[{"embeddable":true,"href":"https:\/\/christusnews.de\/site\/wp-json\/wp\/v2\/users\/7"}],"replies":[{"embeddable":true,"href":"https:\/\/christusnews.de\/site\/wp-json\/wp\/v2\/comments?post=9351"}],"version-history":[{"count":0,"href":"https:\/\/christusnews.de\/site\/wp-json\/wp\/v2\/posts\/9351\/revisions"}],"wp:attachment":[{"href":"https:\/\/christusnews.de\/site\/wp-json\/wp\/v2\/media?parent=9351"}],"wp:term":[{"taxonomy":"category","embeddable":true,"href":"https:\/\/christusnews.de\/site\/wp-json\/wp\/v2\/categories?post=9351"},{"taxonomy":"post_tag","embeddable":true,"href":"https:\/\/christusnews.de\/site\/wp-json\/wp\/v2\/tags?post=9351"}],"curies":[{"name":"wp","href":"https:\/\/api.w.org\/{rel}","templated":true}]}}