{"id":9555,"date":"2018-04-03T09:00:00","date_gmt":"2018-04-03T07:00:00","guid":{"rendered":"http:\/\/christusnews.de\/site\/oekumenischer-gottesdienst-zum-saisonauftakt\/"},"modified":"2018-04-03T09:00:00","modified_gmt":"2018-04-03T07:00:00","slug":"oekumenischer-gottesdienst-zum-saisonauftakt","status":"publish","type":"post","link":"https:\/\/christusnews.de\/site\/oekumenischer-gottesdienst-zum-saisonauftakt\/","title":{"rendered":"\u00d6kumenischer Gottesdienst zum Saisonauftakt"},"content":{"rendered":"<p>Ein \u00f6kumenischer Gottesdienst f\u00fcr Motorradfahrinnen und Motorradfahrer zur Er\u00f6ffnung der Saison findet am Sonntag, 8. April, um 16 Uhr in den R\u00e4umen der Evangelisch-Freikirchlichen Gemeinde Augustfehn statt. Diese besondere Andacht wird musikalisch von der gro\u00dfen Bigband \u201eFisch\u00b4n Friends\u201c aus Wardenburg unter der Leitung von Lutz Fischer gestaltet. <\/p>\n<p>Die Predigt h\u00e4lt Pastor Karl-Peter Karcelek&nbsp; von der Evangelisch-Freikirchlichen Gemeinde. Mit dabei sind Dietmar Biniacz, Pastoralreferent der Katholischen Kirchengemeinde und Pastor Bernd G\u00f6de von der Evangelisch-lutherischen Friedenskirche in Augustfehn.<br \/>\n&nbsp;&nbsp;<br \/>\nBei dem Gottesdienst soll auch an die Opfer des Stra\u00dfenverkehrs gedacht werden. Der Bikergottesdienst, zu dem auch Menschen ohne Motorrad herzlich eingeladen sind, findet zum Abschlu\u00df des Fr\u00fchlingstreffens in Augustfehn statt, zu dem die Veranstalter wieder Tausende von Bikerinnen und Bikern rund um den Augustfehnkanal erwarten.<br \/>\nSource: Kirche-Oldenburg<\/p>\n","protected":false},"excerpt":{"rendered":"<p>Ein \u00f6kumenischer Gottesdienst f\u00fcr Motorradfahrinnen und Motorradfahrer zur Er\u00f6ffnung der Saison findet am Sonntag, 8. April, um 16 Uhr in den R\u00e4umen der Evangelisch-Freikirchlichen Gemeinde Augustfehn statt. Diese besondere Andacht wird musikalisch von der gro\u00dfen Bigband \u201eFisch\u00b4n Friends\u201c aus Wardenburg unter der Leitung von Lutz Fischer gestaltet. Die Predigt h\u00e4lt Pastor Karl-Peter Karcelek&nbsp; von der Evangelisch-Freikirchlichen Gemeinde. Mit dabei sind Dietmar Biniacz, Pastoralreferent der Katholischen Kirchengemeinde und Pastor Bernd G\u00f6de von der Evangelisch-lutherischen Friedenskirche in Augustfehn. &nbsp;&nbsp; Bei dem Gottesdienst soll auch an die Opfer des Stra\u00dfenverkehrs gedacht werden. Der Bikergottesdienst, zu dem auch Menschen ohne Motorrad herzlich eingeladen sind,&#8230;<\/p>\n","protected":false},"author":7,"featured_media":0,"comment_status":"false","ping_status":"open","sticky":false,"template":"","format":"standard","meta":{"footnotes":""},"categories":[43],"tags":[44],"class_list":["post-9555","post","type-post","status-publish","format-standard","hentry","category-kirche-oldenburg","tag-kirche-oldenburg"],"_links":{"self":[{"href":"https:\/\/christusnews.de\/site\/wp-json\/wp\/v2\/posts\/9555","targetHints":{"allow":["GET"]}}],"collection":[{"href":"https:\/\/christusnews.de\/site\/wp-json\/wp\/v2\/posts"}],"about":[{"href":"https:\/\/christusnews.de\/site\/wp-json\/wp\/v2\/types\/post"}],"author":[{"embeddable":true,"href":"https:\/\/christusnews.de\/site\/wp-json\/wp\/v2\/users\/7"}],"replies":[{"embeddable":true,"href":"https:\/\/christusnews.de\/site\/wp-json\/wp\/v2\/comments?post=9555"}],"version-history":[{"count":0,"href":"https:\/\/christusnews.de\/site\/wp-json\/wp\/v2\/posts\/9555\/revisions"}],"wp:attachment":[{"href":"https:\/\/christusnews.de\/site\/wp-json\/wp\/v2\/media?parent=9555"}],"wp:term":[{"taxonomy":"category","embeddable":true,"href":"https:\/\/christusnews.de\/site\/wp-json\/wp\/v2\/categories?post=9555"},{"taxonomy":"post_tag","embeddable":true,"href":"https:\/\/christusnews.de\/site\/wp-json\/wp\/v2\/tags?post=9555"}],"curies":[{"name":"wp","href":"https:\/\/api.w.org\/{rel}","templated":true}]}}