{"id":9744,"date":"2018-05-09T12:19:00","date_gmt":"2018-05-09T10:19:00","guid":{"rendered":"https:\/\/christusnews.de\/site\/diakonie-und-caritas-fordern-mehr-geld-fuer-schulausstattung\/"},"modified":"2018-05-09T12:19:00","modified_gmt":"2018-05-09T10:19:00","slug":"diakonie-und-caritas-fordern-mehr-geld-fuer-schulausstattung","status":"publish","type":"post","link":"https:\/\/christusnews.de\/site\/diakonie-und-caritas-fordern-mehr-geld-fuer-schulausstattung\/","title":{"rendered":"Diakonie und Caritas fordern mehr Geld f\u00fcr Schulausstattung"},"content":{"rendered":"<p>Oldenburg (epd). Diakonie und Caritas im Oldenburger Land haben mehr Geld f\u00fcr arme Familien zum Schuljahresbeginn gefordert. Die 70 Euro aus dem Bildungs- und Teilhabepaket der Bundesregierung reichten dazu nicht aus, unterstrichen Diakonie-Chef Thomas Feld und Caritas-Direktor Gerhard Tepe am Mittwoch in Oldenburg. N\u00f6tig seien mindestens 152 Euro, sagten die Vertreter der beiden Spitzenverb\u00e4nde bei einem Gespr\u00e4ch mit Bundes- und Landtagsabgeordneten aus der Region.<\/p>\n<p>Dabei pr\u00e4sentierten die Wohlfahrtsverb\u00e4nde eine Auswertung von 277 Schulbedarfslisten aus dem Oldenburger Land. In diesen Schreiben listen die Schulen die f\u00fcr das n\u00e4chste Halbjahr ben\u00f6tigten B\u00fccher und Materialien auf, die Eltern anschaffen m\u00fcssen. Partei\u00fcbergreifend h\u00e4tten sich die Politiker von CDU, SPD, Gr\u00fcnen, FDP und Linken f\u00fcr eine bessere Schulausstattung und mehr Hilfen f\u00fcr die Eltern bed\u00fcrftiger Familien ausgesprochen.<\/p>\n<p>Referenten von Diakonie und Caritas beobachten einem Diakoniesprecher zufolge derzeit, was die Schule im Laufe eines Jahres wirklich kostet. Dazu arbeiteten sie mit 68 Familien mit mehr als 100 Schulkindern aller Altersgruppen und Schulformen zusammen. Neben den Schulbedarfslisten sollten dabei auch die versteckten Kosten etwa f\u00fcr Fahrkarten oder Eintrittsgelder ber\u00fccksichtigt werden.<\/p>\n<p><span style=\"font-weight: bold\">Internet:<\/span> www.dw-ol.de und www.lcv-oldenburg.de <\/p>\n<p>Source: Kirche-Oldenburg<\/p>\n","protected":false},"excerpt":{"rendered":"<p>Oldenburg (epd). Diakonie und Caritas im Oldenburger Land haben mehr Geld f\u00fcr arme Familien zum Schuljahresbeginn gefordert. Die 70 Euro aus dem Bildungs- und Teilhabepaket der Bundesregierung reichten dazu nicht aus, unterstrichen Diakonie-Chef Thomas Feld und Caritas-Direktor Gerhard Tepe am Mittwoch in Oldenburg. N\u00f6tig seien mindestens 152 Euro, sagten die Vertreter der beiden Spitzenverb\u00e4nde bei einem Gespr\u00e4ch mit Bundes- und Landtagsabgeordneten aus der Region. Dabei pr\u00e4sentierten die Wohlfahrtsverb\u00e4nde eine Auswertung von 277 Schulbedarfslisten aus dem Oldenburger Land. In diesen Schreiben listen die Schulen die f\u00fcr das n\u00e4chste Halbjahr ben\u00f6tigten B\u00fccher und Materialien auf, die Eltern anschaffen m\u00fcssen. Partei\u00fcbergreifend h\u00e4tten sich&#8230;<\/p>\n","protected":false},"author":7,"featured_media":0,"comment_status":"false","ping_status":"open","sticky":false,"template":"","format":"standard","meta":{"footnotes":""},"categories":[43],"tags":[44],"class_list":["post-9744","post","type-post","status-publish","format-standard","hentry","category-kirche-oldenburg","tag-kirche-oldenburg"],"_links":{"self":[{"href":"https:\/\/christusnews.de\/site\/wp-json\/wp\/v2\/posts\/9744","targetHints":{"allow":["GET"]}}],"collection":[{"href":"https:\/\/christusnews.de\/site\/wp-json\/wp\/v2\/posts"}],"about":[{"href":"https:\/\/christusnews.de\/site\/wp-json\/wp\/v2\/types\/post"}],"author":[{"embeddable":true,"href":"https:\/\/christusnews.de\/site\/wp-json\/wp\/v2\/users\/7"}],"replies":[{"embeddable":true,"href":"https:\/\/christusnews.de\/site\/wp-json\/wp\/v2\/comments?post=9744"}],"version-history":[{"count":0,"href":"https:\/\/christusnews.de\/site\/wp-json\/wp\/v2\/posts\/9744\/revisions"}],"wp:attachment":[{"href":"https:\/\/christusnews.de\/site\/wp-json\/wp\/v2\/media?parent=9744"}],"wp:term":[{"taxonomy":"category","embeddable":true,"href":"https:\/\/christusnews.de\/site\/wp-json\/wp\/v2\/categories?post=9744"},{"taxonomy":"post_tag","embeddable":true,"href":"https:\/\/christusnews.de\/site\/wp-json\/wp\/v2\/tags?post=9744"}],"curies":[{"name":"wp","href":"https:\/\/api.w.org\/{rel}","templated":true}]}}