{"id":9867,"date":"2018-05-22T10:32:00","date_gmt":"2018-05-22T08:32:00","guid":{"rendered":"https:\/\/christusnews.de\/site\/steinmeier-zeichnet-vier-niedersachsen-aus\/"},"modified":"2018-05-22T10:32:00","modified_gmt":"2018-05-22T08:32:00","slug":"steinmeier-zeichnet-vier-niedersachsen-aus","status":"publish","type":"post","link":"https:\/\/christusnews.de\/site\/steinmeier-zeichnet-vier-niedersachsen-aus\/","title":{"rendered":"Steinmeier zeichnet vier Niedersachsen aus"},"content":{"rendered":"<p>Bad Nenndorf\/Hardegsen (epd). Bundespr\u00e4sident Frank-Walter Steinmeier hat am Dienstag in Berlin vier Personen aus Niedersachsen f\u00fcr ihr herausragendes Engagement f\u00fcr Demokratie und gegen Rechtsextremismus ausgezeichnet. Den Verdienstorden der Bundesrepublik Deutschland erhielten nach Angaben des Bundespr\u00e4sidialamtes unter anderem der Apotheker J\u00fcrgen Uebel aus Bad Nenndorf, der Landwirt Walter Klinge aus Hardegsen bei G\u00f6ttingen sowie das Psychologen-Ehepaar Monika und Gregor Dehmel aus Isernhagen bei Hannover.<\/p>\n<p>Uebel wurde f\u00fcr sein Engagement gegen Rechtsextremismus geehrt. Er hatte vor zw\u00f6lf Jahren die Initiative \u00abBad Nenndorf ist bunt\u00bb mit begr\u00fcndet und war bis zum vergangenen M\u00e4rz ihr Vorsitzender. Mit kreativen Aktionen habe das B\u00fcndnis j\u00e4hrlich gegen einen Aufmarsch von Neonazis protestiert und damit deutlich gemacht, dass die Stadt den Extremismus ablehne, hie\u00df es. Seit 2016 gebe es keine rechtsextremen Aufm\u00e4rsche mehr in Bad Nenndorf. Das Engagement von J\u00fcrgen Uebel sei ein herausragendes Beispiel b\u00fcrgerlichen Widerstands gegen Neonazis.<\/p>\n<p>Der Landwirtschaftsmeister Walter Klinge erhielt die Ehrung f\u00fcr sein Wirken als Kommunalpolitiker. Er habe innovative Wege beschritten, ein attraktives Dorfleben organisiert und auf diese Weise sinkenden Einwohnerzahlen entgegengewirkt, hie\u00df es. Klinge schuf in dem Ortsteil Asche bei Hardegsen in Eigeninitiative unter anderen eine moderne Highspeed-Internetanbindung, organisierte eine genossenschaftliche W\u00e4rmeversorgung und strukturierte den Ort erfolgreich in ein Bioenergiedorf um.<\/p>\n<p>Monika und Gregor Dehmel wurden f\u00fcr ihre politischen Bildungsprogramme f\u00fcr junge Menschen ausgezeichnet. Sie gr\u00fcndeten 2006 den Verein \u00abPolitik zum Anfassen\u00bb. Zu ihren Angeboten geh\u00f6ren den Angaben zufolge das kommunalpolitische Planspiel \u00abPimp Your Town\u00bb, eine \u00abFaktenwerkstatt\u00bb zum Wert von Nachrichten und \u00abFake News\u00bb oder Filmprojekte. Mit ihren Programmen erreichen sie den Angaben zufolge inzwischen mehr als 10.000 junge Menschen aus ganz Deutschland.<\/p>\n<p>Steinmeier sagte bei der Verleihung, die Gesellschaft brauche Menschen, die nicht wegschauten, sondern sich Rassisten entgegenstellten. Wenn die Gleichheit der Menschen infrage gestellt werde, werde eine Grundlage der Demokratie attackiert. Das Land brauche Menschen mit Mut zur eigenen Meinung und der F\u00e4higkeit zu Kompromiss und Verantwortung.<\/p>\n<p>Insgesamt ehrte der Bundespr\u00e4sident 24 Frauen und M\u00e4nner aus zw\u00f6lf Bundesl\u00e4ndern sowie aus dem Ausland. Anlass war der bevorstehende 69. Jahrestag des Inkrafttretens des Grundgesetzes am Mittwoch. Unter den Geehrten waren auch die Berliner TV-Moderatorin Dunja Hayali (43) und der Fernsehjournalist Peter Merseburger (90).<br \/>\nSource: Kirche-Oldenburg<\/p>\n","protected":false},"excerpt":{"rendered":"<p>Bad Nenndorf\/Hardegsen (epd). Bundespr\u00e4sident Frank-Walter Steinmeier hat am Dienstag in Berlin vier Personen aus Niedersachsen f\u00fcr ihr herausragendes Engagement f\u00fcr Demokratie und gegen Rechtsextremismus ausgezeichnet. Den Verdienstorden der Bundesrepublik Deutschland erhielten nach Angaben des Bundespr\u00e4sidialamtes unter anderem der Apotheker J\u00fcrgen Uebel aus Bad Nenndorf, der Landwirt Walter Klinge aus Hardegsen bei G\u00f6ttingen sowie das Psychologen-Ehepaar Monika und Gregor Dehmel aus Isernhagen bei Hannover. Uebel wurde f\u00fcr sein Engagement gegen Rechtsextremismus geehrt. Er hatte vor zw\u00f6lf Jahren die Initiative \u00abBad Nenndorf ist bunt\u00bb mit begr\u00fcndet und war bis zum vergangenen M\u00e4rz ihr Vorsitzender. Mit kreativen Aktionen habe das B\u00fcndnis j\u00e4hrlich gegen&#8230;<\/p>\n","protected":false},"author":7,"featured_media":0,"comment_status":"false","ping_status":"open","sticky":false,"template":"","format":"standard","meta":{"footnotes":""},"categories":[43],"tags":[44],"class_list":["post-9867","post","type-post","status-publish","format-standard","hentry","category-kirche-oldenburg","tag-kirche-oldenburg"],"_links":{"self":[{"href":"https:\/\/christusnews.de\/site\/wp-json\/wp\/v2\/posts\/9867","targetHints":{"allow":["GET"]}}],"collection":[{"href":"https:\/\/christusnews.de\/site\/wp-json\/wp\/v2\/posts"}],"about":[{"href":"https:\/\/christusnews.de\/site\/wp-json\/wp\/v2\/types\/post"}],"author":[{"embeddable":true,"href":"https:\/\/christusnews.de\/site\/wp-json\/wp\/v2\/users\/7"}],"replies":[{"embeddable":true,"href":"https:\/\/christusnews.de\/site\/wp-json\/wp\/v2\/comments?post=9867"}],"version-history":[{"count":0,"href":"https:\/\/christusnews.de\/site\/wp-json\/wp\/v2\/posts\/9867\/revisions"}],"wp:attachment":[{"href":"https:\/\/christusnews.de\/site\/wp-json\/wp\/v2\/media?parent=9867"}],"wp:term":[{"taxonomy":"category","embeddable":true,"href":"https:\/\/christusnews.de\/site\/wp-json\/wp\/v2\/categories?post=9867"},{"taxonomy":"post_tag","embeddable":true,"href":"https:\/\/christusnews.de\/site\/wp-json\/wp\/v2\/tags?post=9867"}],"curies":[{"name":"wp","href":"https:\/\/api.w.org\/{rel}","templated":true}]}}